{"id":19881,"date":"2023-07-14T08:49:52","date_gmt":"2023-07-14T06:49:52","guid":{"rendered":"https:\/\/silla.industries\/20-anni-tesla-storia\/"},"modified":"2025-07-03T11:55:18","modified_gmt":"2025-07-03T09:55:18","slug":"20-anni-tesla-storia","status":"publish","type":"post","link":"https:\/\/silla.industries\/es\/20-anni-tesla-storia\/","title":{"rendered":"Tesla cumple 20 a\u00f1os"},"content":{"rendered":"\n<div style=\"height:50px\" aria-hidden=\"true\" class=\"wp-block-spacer\"><\/div>\n\n<h2 class=\"wp-block-heading\">La historia de Tesla  <\/h2>\n\n<p>Desde 2003, a\u00f1o de fundaci\u00f3n de Tesla por Martin Eberhard y Marc Tarpenning, ha recorrido un largo camino.<\/p>\n\n<p>Llama la atenci\u00f3n el doble v\u00ednculo con Elon Musk, establecido en 2004, cuando \u00e9ste invirti\u00f3 30 millones de d\u00f3lares en ella y se incorpor\u00f3 como presidente del consejo de administraci\u00f3n.<\/p>\n\n<p>El lanzamiento del primer Tesla Roadster, en 2008, fue hist\u00f3rico, como lo fue el riesgo de fracaso, apenas un a\u00f1o despu\u00e9s.  <\/p>\n\n<p>Un rescate providencial, gracias a la intervenci\u00f3n primero de Dibalog y luego de Daimler, le permiti\u00f3 continuar su viaje y llegar hasta nuestros d\u00edas.<\/p>\n\n<p>Este aniversario es a\u00fan m\u00e1s significativo si se tiene en cuenta que cae en el mismo a\u00f1o en que el<a href=\"https:\/\/silla.industries\/prezzi-tesla-2023-riduzioni-tesla-prism-ricarica\/\" data-type=\"URL\" data-id=\"https:\/\/silla.industries\/prezzi-tesla-2023-riduzioni-tesla-prism-ricarica\/\" target=\"_blank\" rel=\"noreferrer noopener\"> Modelo<\/a> Y se convirti\u00f3 en el coche m\u00e1s vendido del mundo, un logro conseguido por primera vez por un coche 100% el\u00e9ctrico.<\/p>\n\n<h3 class=\"wp-block-heading\">Model S y Supercargador  <\/h3>\n\n<p>Los primeros a\u00f1os de la empresa, marcados por los problemas de producci\u00f3n y el escepticismo, no impidieron que avanzara el gran plan del visionario empresario Musk.<\/p>\n\n<p>Gracias a su carisma, Musk atrae a inversores y clientes. Tanto es as\u00ed que en junio de 2012 comenzaron las entregas del <strong>Model<\/strong> S y, poco despu\u00e9s, la instalaci\u00f3n de los primeros <a href=\"https:\/\/www.tesla.com\/it_it\/supercharger\" data-type=\"URL\" data-id=\"https:\/\/www.tesla.com\/it_it\/supercharger\" target=\"_blank\" rel=\"noreferrer noopener\">Supercargadores<\/a>.   <\/p>\n\n<h5 class=\"wp-block-heading\">La red de supercargadores<\/h5>\n\n<p>Preparada para convertirse en la mayor red de recarga r\u00e1pida del mundo, actualmente consta de <strong>45.000<\/strong> puntos de recarga y es un punto de referencia para todos los conductores de Tesla.<\/p>\n\n<p>El \u00e9xito de la red de Supercargadores tambi\u00e9n se debe al sistema por el que se suministra la carga. Un sistema en el que Tesla ha sido pionera, simplificando significativamente la carga de los veh\u00edculos el\u00e9ctricos.   <\/p>\n\n<p>De hecho, con el Supercargador no es necesario utilizar una tarjeta de cr\u00e9dito o una app para pagar la recarga, sino que basta con enchufar el veh\u00edculo y el coste de la recarga se carga autom\u00e1ticamente.  <\/p>\n\n<figure class=\"wp-block-image size-large\"><img fetchpriority=\"high\" decoding=\"async\" width=\"1024\" height=\"718\" src=\"https:\/\/silla.industries\/wp-content\/uploads\/2023\/07\/IMG-Tesla-Supercharger-1024x718.jpg\" alt=\"Tesla cumple 20 a&#xF1;os  \" class=\"wp-image-15507\" srcset=\"https:\/\/silla.industries\/wp-content\/uploads\/2023\/07\/IMG-Tesla-Supercharger-1024x718.jpg 1024w, https:\/\/silla.industries\/wp-content\/uploads\/2023\/07\/IMG-Tesla-Supercharger-300x210.jpg 300w, https:\/\/silla.industries\/wp-content\/uploads\/2023\/07\/IMG-Tesla-Supercharger-768x538.jpg 768w, https:\/\/silla.industries\/wp-content\/uploads\/2023\/07\/IMG-Tesla-Supercharger-360x252.jpg 360w, https:\/\/silla.industries\/wp-content\/uploads\/2023\/07\/IMG-Tesla-Supercharger-1536x1076.jpg 1536w, https:\/\/silla.industries\/wp-content\/uploads\/2023\/07\/IMG-Tesla-Supercharger-2048x1435.jpg 2048w, https:\/\/silla.industries\/wp-content\/uploads\/2023\/07\/IMG-Tesla-Supercharger-1200x841.jpg 1200w, https:\/\/silla.industries\/wp-content\/uploads\/2023\/07\/IMG-Tesla-Supercharger-1980x1387.jpg 1980w, https:\/\/silla.industries\/wp-content\/uploads\/2023\/07\/IMG-Tesla-Supercharger-1320x925.jpg 1320w, https:\/\/silla.industries\/wp-content\/uploads\/2023\/07\/IMG-Tesla-Supercharger-600x420.jpg 600w\" sizes=\"(max-width: 1024px) 100vw, 1024px\" \/><figcaption class=\"wp-element-caption\">Supercargadores Tesla, pioneros de un servicio de recarga inteligente y ultrapopular para los conductores<\/figcaption><\/figure>\n\n<h4 class=\"wp-block-heading\">Model X y Gigaf\u00e1bricas  <\/h4>\n\n<p>En oto\u00f1o de 2015, el Model X debut\u00f3 primero, mientras que 2016 fue el a\u00f1o de la Gigafactor\u00eda.  <\/p>\n\n<p>La primera en inaugurarse es la de Nevada, seguida de la de B\u00fafalo tambi\u00e9n en Estados Unidos, la de Shanghai en China (2019) y la de Gr\u00fcnheide en Alemania en 2022.<\/p>\n\n<p>La m\u00e1s reciente en Austin, Texas; la futura en Santa Catarina, M\u00e9xico (que se anunci\u00f3 el 28 de febrero de este a\u00f1o).<\/p>\n\n<h3 class=\"wp-block-heading\">2017 - Llega el Tesla Model 3  <\/h3>\n\n<p>A mediados de 2017 lleg\u00f3 el Model 3, que hab\u00eda conseguido un r\u00e9cord de reservas, hasta 300.000 en el primer fin de semana, pero cuya producci\u00f3n hab\u00eda sido muy lenta, lo que hab\u00eda descontentado mucho a los clientes.<\/p>\n\n<p>Tambi\u00e9n de ese a\u00f1o es la hist\u00f3rica declaraci\u00f3n de Musk:  <\/p>\n\n<blockquote class=\"wp-block-quote is-layout-flow wp-block-quote-is-layout-flow\">\n<p>  Dentro de 20 a\u00f1os, tener un coche tradicional con volante y una persona que lo conduzca, ser\u00e1 como tener un caballo para pasear.<\/p>\n<cite>E.Musk, 2017  <\/cite><\/blockquote>\n\n<h4 class=\"wp-block-heading\">El gran avance de 2020, bienvenido Modelo Y<\/h4>\n\n<p>La profec\u00eda parece hacerse realidad, y en 2020 llega el a\u00f1o de la ruptura.<\/p>\n\n<p>En marzo se entregaron los primeros Model Y en EE.UU., y en junio las acciones alcanzaron un m\u00e1ximo burs\u00e1til.  <\/p>\n\n<p>La pandemia tambi\u00e9n dispar\u00f3 el balance de la empresa estadounidense, que en enero de 2021 anunci\u00f3 unos beneficios del a\u00f1o anterior de 595 millones de euros: la primera vez que Tesla cerraba en n\u00fameros negros.  <\/p>\n\n<h6 class=\"wp-block-heading\">El presente y el futuro<\/h6>\n\n<p>Gracias al estelar precio de las acciones del fabricante de autom\u00f3viles, Musk se convirti\u00f3 en el hombre m\u00e1s rico del mundo, con una fortuna estimada en 320.000 millones de d\u00f3lares.  <\/p>\n\n<p>En 2022, la empresa prev\u00e9 vender m\u00e1s de 1,3 millones de unidades, lo que supone un crecimiento del 40%.  <\/p>\n\n<p>Entre los aspectos m\u00e1s destacados de Tesla 2023 est\u00e1 el hecho de que en EE.UU. ya es n\u00famero uno entre las marcas premium y a finales de este a\u00f1o podr\u00eda superar la barrera de los 2 millones.<\/p>\n\n<p>Lo que es seguro es que seguir\u00e1 sorprendi\u00e9ndonos, quiz\u00e1s con el esperado lanzamiento del Tesla Model 2.<\/p>\n","protected":false},"excerpt":{"rendered":"<p>2003-2023: La empresa que puso patas arriba la industria del autom\u00f3vil cumpli\u00f3 20 a\u00f1os el 1 de julio. Repasamos los momentos m\u00e1s destacados de su historia <a href=\"https:\/\/silla.industries\/es\/20-anni-tesla-storia\/\" class=\"more-link\"><span>Seguir leyendo<\/span><span class=\"screen-reader-text\">Tesla cumple 20 a\u00f1os<\/span><\/a><\/p>\n","protected":false},"author":23,"featured_media":19883,"comment_status":"closed","ping_status":"closed","sticky":false,"template":"templates\/template-cover.php","format":"standard","meta":{"_uag_custom_page_level_css":"","footnotes":""},"categories":[909],"tags":[1348],"class_list":["post-19881","post","type-post","status-publish","format-standard","has-post-thumbnail","hentry","category-sin-categoria","tag-20-anos-de-tesla"],"uagb_featured_image_src":{"full":["https:\/\/silla.industries\/wp-content\/uploads\/2023\/07\/IMG-tesla-anniversario-20-anni.jpg",1600,900,false],"thumbnail":["https:\/\/silla.industries\/wp-content\/uploads\/2023\/07\/IMG-tesla-anniversario-20-anni-150x150.jpg",150,150,true],"medium":["https:\/\/silla.industries\/wp-content\/uploads\/2023\/07\/IMG-tesla-anniversario-20-anni-300x169.jpg",300,169,true],"medium_large":["https:\/\/silla.industries\/wp-content\/uploads\/2023\/07\/IMG-tesla-anniversario-20-anni-768x432.jpg",700,394,true],"large":["https:\/\/silla.industries\/wp-content\/uploads\/2023\/07\/IMG-tesla-anniversario-20-anni-1024x576.jpg",700,394,true],"1536x1536":["https:\/\/silla.industries\/wp-content\/uploads\/2023\/07\/IMG-tesla-anniversario-20-anni-1536x864.jpg",1536,864,true],"2048x2048":["https:\/\/silla.industries\/wp-content\/uploads\/2023\/07\/IMG-tesla-anniversario-20-anni.jpg",1600,900,false],"betterdocs-category-thumb":["https:\/\/silla.industries\/wp-content\/uploads\/2023\/07\/IMG-tesla-anniversario-20-anni-360x203.jpg",360,203,true],"post-thumbnail":["https:\/\/silla.industries\/wp-content\/uploads\/2023\/07\/IMG-tesla-anniversario-20-anni-1200x675.jpg",1200,675,true],"twentytwenty-fullscreen":["https:\/\/silla.industries\/wp-content\/uploads\/2023\/07\/IMG-tesla-anniversario-20-anni.jpg",1600,900,false],"mailpoet_newsletter_max":["https:\/\/silla.industries\/wp-content\/uploads\/2023\/07\/IMG-tesla-anniversario-20-anni-1320x743.jpg",1320,743,true],"menu-26x26":["https:\/\/silla.industries\/wp-content\/uploads\/2023\/07\/IMG-tesla-anniversario-20-anni.jpg",26,15,false],"menu-36x36":["https:\/\/silla.industries\/wp-content\/uploads\/2023\/07\/IMG-tesla-anniversario-20-anni.jpg",36,20,false],"menu-48x48":["https:\/\/silla.industries\/wp-content\/uploads\/2023\/07\/IMG-tesla-anniversario-20-anni.jpg",48,27,false],"woocommerce_thumbnail":["https:\/\/silla.industries\/wp-content\/uploads\/2023\/07\/IMG-tesla-anniversario-20-anni-450x450.jpg",450,450,true],"woocommerce_single":["https:\/\/silla.industries\/wp-content\/uploads\/2023\/07\/IMG-tesla-anniversario-20-anni-600x338.jpg",600,338,true],"woocommerce_gallery_thumbnail":["https:\/\/silla.industries\/wp-content\/uploads\/2023\/07\/IMG-tesla-anniversario-20-anni-100x100.jpg",100,100,true]},"uagb_author_info":{"display_name":"Valentina De Simone","author_link":"https:\/\/silla.industries\/es\/author\/valentina\/"},"uagb_comment_info":0,"uagb_excerpt":"2003-2023: La empresa que puso patas arriba la industria del autom\u00f3vil cumpli\u00f3 20 a\u00f1os el 1 de julio. Repasamos los momentos m\u00e1s destacados de su historia Seguir leyendoTesla cumple 20 a\u00f1os","_links":{"self":[{"href":"https:\/\/silla.industries\/es\/wp-json\/wp\/v2\/posts\/19881","targetHints":{"allow":["GET"]}}],"collection":[{"href":"https:\/\/silla.industries\/es\/wp-json\/wp\/v2\/posts"}],"about":[{"href":"https:\/\/silla.industries\/es\/wp-json\/wp\/v2\/types\/post"}],"author":[{"embeddable":true,"href":"https:\/\/silla.industries\/es\/wp-json\/wp\/v2\/users\/23"}],"replies":[{"embeddable":true,"href":"https:\/\/silla.industries\/es\/wp-json\/wp\/v2\/comments?post=19881"}],"version-history":[{"count":0,"href":"https:\/\/silla.industries\/es\/wp-json\/wp\/v2\/posts\/19881\/revisions"}],"wp:featuredmedia":[{"embeddable":true,"href":"https:\/\/silla.industries\/es\/wp-json\/wp\/v2\/media\/19883"}],"wp:attachment":[{"href":"https:\/\/silla.industries\/es\/wp-json\/wp\/v2\/media?parent=19881"}],"wp:term":[{"taxonomy":"category","embeddable":true,"href":"https:\/\/silla.industries\/es\/wp-json\/wp\/v2\/categories?post=19881"},{"taxonomy":"post_tag","embeddable":true,"href":"https:\/\/silla.industries\/es\/wp-json\/wp\/v2\/tags?post=19881"}],"curies":[{"name":"wp","href":"https:\/\/api.w.org\/{rel}","templated":true}]}}