{"id":19899,"date":"2023-04-04T15:54:01","date_gmt":"2023-04-04T13:54:01","guid":{"rendered":"https:\/\/silla.industries\/silla-industries-sinergia-rinnovabili\/"},"modified":"2025-07-03T11:55:20","modified_gmt":"2025-07-03T09:55:20","slug":"silla-industries-sinergia-rinnovabili","status":"publish","type":"post","link":"https:\/\/silla.industries\/es\/silla-industries-sinergia-rinnovabili\/","title":{"rendered":"Silla Industries refuerza el t\u00e1ndem entre las energ\u00edas renovables y la e-movilidad"},"content":{"rendered":"\n<div style=\"height:50px\" aria-hidden=\"true\" class=\"wp-block-spacer\"><\/div>\n\n<p><em>Padua, 4 de abril de 2023<\/em> - Acaba de conocerse la noticia del acuerdo alcanzado entre el <a href=\"https:\/\/www.europarl.europa.eu\/portal\/it\" data-type=\"URL\" data-id=\"https:\/\/www.europarl.europa.eu\/portal\/it\" target=\"_blank\" rel=\"noreferrer noopener\">Parlamento Europeo<\/a> y el Consejo de la UE sobre la reforma de la Directiva de Energ\u00edas Renovables. Se trata de una se\u00f1al alentadora para promover y acelerar la construcci\u00f3n de centrales solares, hidr\u00e1ulicas, de bombas de calor, de biomasa o e\u00f3licas en la Uni\u00f3n Europea, permitiendo un acercamiento cada vez m\u00e1s claro a los objetivos de Par\u00eds de neutralidad clim\u00e1tica para 2050.<\/p>\n\n<figure class=\"wp-block-image size-large is-resized\"><img fetchpriority=\"high\" decoding=\"async\" src=\"https:\/\/silla.industries\/wp-content\/uploads\/2023\/04\/IMG_rinnovabili-solare-impianti-1024x673.jpeg\" alt=\"industrias silla  \" class=\"wp-image-14532\" width=\"610\" height=\"400\" srcset=\"https:\/\/silla.industries\/wp-content\/uploads\/2023\/04\/IMG_rinnovabili-solare-impianti-1024x673.jpeg 1024w, https:\/\/silla.industries\/wp-content\/uploads\/2023\/04\/IMG_rinnovabili-solare-impianti-300x197.jpeg 300w, https:\/\/silla.industries\/wp-content\/uploads\/2023\/04\/IMG_rinnovabili-solare-impianti-768x505.jpeg 768w, https:\/\/silla.industries\/wp-content\/uploads\/2023\/04\/IMG_rinnovabili-solare-impianti-360x237.jpeg 360w, https:\/\/silla.industries\/wp-content\/uploads\/2023\/04\/IMG_rinnovabili-solare-impianti-1536x1009.jpeg 1536w, https:\/\/silla.industries\/wp-content\/uploads\/2023\/04\/IMG_rinnovabili-solare-impianti-2048x1346.jpeg 2048w, https:\/\/silla.industries\/wp-content\/uploads\/2023\/04\/IMG_rinnovabili-solare-impianti-1200x788.jpeg 1200w, https:\/\/silla.industries\/wp-content\/uploads\/2023\/04\/IMG_rinnovabili-solare-impianti-1980x1301.jpeg 1980w, https:\/\/silla.industries\/wp-content\/uploads\/2023\/04\/IMG_rinnovabili-solare-impianti-1320x867.jpeg 1320w, https:\/\/silla.industries\/wp-content\/uploads\/2023\/04\/IMG_rinnovabili-solare-impianti-600x394.jpeg 600w\" sizes=\"(max-width: 610px) 100vw, 610px\" \/><figcaption class=\"wp-element-caption\">La nueva columna de carga de Silla Industries, Prism Solar S, refuerza el valor de la carga ecol\u00f3gica y sostenible<\/figcaption><\/figure>\n\n<p>La receta es ciertamente una, pero la sinergia entre todas las v\u00edas del mundo de las energ\u00edas renovables s\u00f3lo puede facilitar esta transici\u00f3n. Esta es la opini\u00f3n de Silla Industries, una start-up de Padua que figura en la lista del <a href=\"https:\/\/silla.industries\/financial-times-silla-industries-classifica\/\" target=\"_blank\" data-type=\"URL\" data-id=\"https:\/\/silla.industries\/financial-times-silla-industries-classifica\/\" rel=\"noreferrer noopener\">Financial <\/a>Times como una de las 80 empresas de m\u00e1s r\u00e1pido crecimiento en Europa, que se centra en productos que apoyan este di\u00e1logo: las nuevas estaciones de recarga el\u00e9ctrica Prism garantizan una sinergia perfecta con los sistemas fotovoltaicos dom\u00e9sticos para gestionar de forma \u00f3ptima el almacenamiento de energ\u00eda, un aspecto que permite que estas soluciones encajen en un ecosistema cada vez m\u00e1s virtuoso e inteligente para la gesti\u00f3n del consumo. <\/p>\n\n<p>En concreto, la gama Prism Solar de estaciones de recarga se enriquece con la Prism Solar S que, en lugar de cable y conector como la Prism Solar ya establecida, est\u00e1 equipada con una toma de tipo 2S para instalaciones semip\u00fablicas o p\u00fablicas, donde se requieren soluciones sin cable ni conector.<\/p>\n\n<p>Algunos pa\u00edses europeos, como los franc\u00f3fonos, exigen expl\u00edcitamente estaciones de carga con enchufe en lugar de cable y conector. El enchufe del Prism Solar S est\u00e1 equipado con un obturador, para una m\u00e1xima seguridad de uso, que protege los contactos el\u00e9ctricos incluso en caso de fallo de la columna. Prism Solar S tambi\u00e9n est\u00e1 disponible en una versi\u00f3n con conectividad GSM (LTE) junto a las conexiones tradicionales Ethernet o WiFi.  <\/p>\n\n<p><em>\"El acuerdo alcanzado en estas horas fomenta el optimismo para el futuro, pero sobre todo para el presente de la e-movilidad para un mundo cada vez m\u00e1s sostenible<\/em>\", comenta <strong>Alberto Stecca, Consejero Delegado de Silla Industries.<\/strong><em>\"Cada d\u00eda nos damos m\u00e1s cuenta de que<\/em> <em>es la sinergia entre distintas soluciones lo que atrae a clientes y distribuidores del mercado europeo: por eso la nueva soluci\u00f3n cumple las normas de seguridad de la UE, favoreciendo as\u00ed la adopci\u00f3n de nuestras soluciones tambi\u00e9n por los pa\u00edses transalpinos, que tambi\u00e9n est\u00e1n mostrando un gran aprecio por esta nueva rama del Made in Italy.\"<\/em> <\/p>\n\n<h5 class=\"wp-block-heading\"><strong>Industrias Silla<\/strong><\/h5>\n\n<p><em>Silla Industries, una start-up italiana fundada por Alberto Stecca y Cristiano Griletti en Padua, con un equipo de m\u00e1s de 40 profesionales, opera en el sector de la e-movilidad. Desarrolla y produce soluciones tecnol\u00f3gicas innovadoras para el mundo de la e-movilidad y una mejor gesti\u00f3n de la energ\u00eda, tanto para el mercado de consumo con productos de marca propia, como Prism, como desarrollando productos a medida para grandes grupos italianos e internacionales. En marzo de 2023, fue incluida entre las Empresas de Mayor Crecimiento de Europa, obteniendo el puesto 80 en la clasificaci\u00f3n internacional.  <\/em><\/p>\n\n<p><em>Para m\u00e1s informaci\u00f3n:<\/em><\/p>\n\n<p>Industrias Silla: marketing@silla.industries<\/p>\n\n<p>Un lugar tranquilo: <a href=\"mailto:elena.santoro@aquietplace.it\">elena.santoro@aquietplace.it<\/a> \/ <a href=\"mailto:alessandra.battaglioli@aquietplace.it\">alessandra.battaglioli@aquietplace.it<\/a><\/p>\n","protected":false},"excerpt":{"rendered":"<p>La conocida gama Prism de soluciones de recarga de veh\u00edculos refuerza el di\u00e1logo entre la energ\u00eda fotovoltaica y la movilidad inteligente, poniendo en pr\u00e1ctica los valores del plan europeo de transici\u00f3n energ\u00e9tica.<a href=\"https:\/\/silla.industries\/es\/silla-industries-sinergia-rinnovabili\/\" class=\"more-link\"><span>Seguir leyendo<\/span><span class=\"screen-reader-text\">Silla Industries refuerza el t\u00e1ndem entre las energ\u00edas renovables y la e-movilidad<\/span><\/a><\/p>\n","protected":false},"author":23,"featured_media":23252,"comment_status":"closed","ping_status":"closed","sticky":false,"template":"","format":"standard","meta":{"_uag_custom_page_level_css":"","footnotes":""},"categories":[1304],"tags":[1323,1347,1356],"class_list":["post-19899","post","type-post","status-publish","format-standard","has-post-thumbnail","hentry","category-comunicado-de-prensa","tag-industrias-silla","tag-movilidad-electrica","tag-prisma-solar"],"uagb_featured_image_src":{"full":["https:\/\/silla.industries\/wp-content\/uploads\/2023\/04\/IMG_rinnovabili-silla-prism-solar-s.jpg",1920,1080,false],"thumbnail":["https:\/\/silla.industries\/wp-content\/uploads\/2023\/04\/IMG_rinnovabili-silla-prism-solar-s-150x150.jpg",150,150,true],"medium":["https:\/\/silla.industries\/wp-content\/uploads\/2023\/04\/IMG_rinnovabili-silla-prism-solar-s-300x169.jpg",300,169,true],"medium_large":["https:\/\/silla.industries\/wp-content\/uploads\/2023\/04\/IMG_rinnovabili-silla-prism-solar-s-768x432.jpg",700,394,true],"large":["https:\/\/silla.industries\/wp-content\/uploads\/2023\/04\/IMG_rinnovabili-silla-prism-solar-s-1024x576.jpg",700,394,true],"1536x1536":["https:\/\/silla.industries\/wp-content\/uploads\/2023\/04\/IMG_rinnovabili-silla-prism-solar-s-1536x864.jpg",1536,864,true],"2048x2048":["https:\/\/silla.industries\/wp-content\/uploads\/2023\/04\/IMG_rinnovabili-silla-prism-solar-s.jpg",1920,1080,false],"betterdocs-category-thumb":["https:\/\/silla.industries\/wp-content\/uploads\/2023\/04\/IMG_rinnovabili-silla-prism-solar-s-360x203.jpg",360,203,true],"post-thumbnail":["https:\/\/silla.industries\/wp-content\/uploads\/2023\/04\/IMG_rinnovabili-silla-prism-solar-s-1200x675.jpg",1200,675,true],"twentytwenty-fullscreen":["https:\/\/silla.industries\/wp-content\/uploads\/2023\/04\/IMG_rinnovabili-silla-prism-solar-s.jpg",1920,1080,false],"mailpoet_newsletter_max":["https:\/\/silla.industries\/wp-content\/uploads\/2023\/04\/IMG_rinnovabili-silla-prism-solar-s-1320x743.jpg",1320,743,true],"menu-26x26":["https:\/\/silla.industries\/wp-content\/uploads\/2023\/04\/IMG_rinnovabili-silla-prism-solar-s.jpg",26,15,false],"menu-36x36":["https:\/\/silla.industries\/wp-content\/uploads\/2023\/04\/IMG_rinnovabili-silla-prism-solar-s.jpg",36,20,false],"menu-48x48":["https:\/\/silla.industries\/wp-content\/uploads\/2023\/04\/IMG_rinnovabili-silla-prism-solar-s.jpg",48,27,false],"woocommerce_thumbnail":["https:\/\/silla.industries\/wp-content\/uploads\/2023\/04\/IMG_rinnovabili-silla-prism-solar-s-450x450.jpg",450,450,true],"woocommerce_single":["https:\/\/silla.industries\/wp-content\/uploads\/2023\/04\/IMG_rinnovabili-silla-prism-solar-s-600x338.jpg",600,338,true],"woocommerce_gallery_thumbnail":["https:\/\/silla.industries\/wp-content\/uploads\/2023\/04\/IMG_rinnovabili-silla-prism-solar-s-100x100.jpg",100,100,true]},"uagb_author_info":{"display_name":"Valentina De Simone","author_link":"https:\/\/silla.industries\/es\/author\/valentina\/"},"uagb_comment_info":0,"uagb_excerpt":"La conocida gama Prism de soluciones de recarga de veh\u00edculos refuerza el di\u00e1logo entre la energ\u00eda fotovoltaica y la movilidad inteligente, poniendo en pr\u00e1ctica los valores del plan europeo de transici\u00f3n energ\u00e9tica.Seguir leyendoSilla Industries refuerza el t\u00e1ndem entre las energ\u00edas renovables y la e-movilidad","_links":{"self":[{"href":"https:\/\/silla.industries\/es\/wp-json\/wp\/v2\/posts\/19899","targetHints":{"allow":["GET"]}}],"collection":[{"href":"https:\/\/silla.industries\/es\/wp-json\/wp\/v2\/posts"}],"about":[{"href":"https:\/\/silla.industries\/es\/wp-json\/wp\/v2\/types\/post"}],"author":[{"embeddable":true,"href":"https:\/\/silla.industries\/es\/wp-json\/wp\/v2\/users\/23"}],"replies":[{"embeddable":true,"href":"https:\/\/silla.industries\/es\/wp-json\/wp\/v2\/comments?post=19899"}],"version-history":[{"count":0,"href":"https:\/\/silla.industries\/es\/wp-json\/wp\/v2\/posts\/19899\/revisions"}],"wp:featuredmedia":[{"embeddable":true,"href":"https:\/\/silla.industries\/es\/wp-json\/wp\/v2\/media\/23252"}],"wp:attachment":[{"href":"https:\/\/silla.industries\/es\/wp-json\/wp\/v2\/media?parent=19899"}],"wp:term":[{"taxonomy":"category","embeddable":true,"href":"https:\/\/silla.industries\/es\/wp-json\/wp\/v2\/categories?post=19899"},{"taxonomy":"post_tag","embeddable":true,"href":"https:\/\/silla.industries\/es\/wp-json\/wp\/v2\/tags?post=19899"}],"curies":[{"name":"wp","href":"https:\/\/api.w.org\/{rel}","templated":true}]}}