{"id":19902,"date":"2023-03-10T14:31:54","date_gmt":"2023-03-10T13:31:54","guid":{"rendered":"https:\/\/silla.industries\/key-fiera-rimini-22-24-marzo-fierarinnovabili\/"},"modified":"2025-07-03T11:55:43","modified_gmt":"2025-07-03T09:55:43","slug":"key-fiera-rimini-22-24-marzo-fierarinnovabili","status":"publish","type":"post","link":"https:\/\/silla.industries\/es\/key-fiera-rimini-22-24-marzo-fierarinnovabili\/","title":{"rendered":"Silla Industries entre las voces destacadas de K.EY - La Exposici\u00f3n de la Transici\u00f3n Energ\u00e9tica"},"content":{"rendered":"\n<div style=\"height:50px\" aria-hidden=\"true\" class=\"wp-block-spacer\"><\/div>\n\n<p class=\"has-text-align-center\"><em>Del 22 al 24 de marzo de 2023, el Expo Center de Rimini <br\/>ser\u00e1 el escenario CLAVE del evento de referencia para las energ\u00edas renovables<\/em><\/p>\n\n<p><em>Padua, 9 de marzo de 2023<\/em> - El preciso momento hist\u00f3rico que vive el mundo de la movilidad el\u00e9ctrica hace a\u00fan m\u00e1s emblem\u00e1tica la participaci\u00f3n de <strong>Silla Industries<\/strong> en <a href=\"https:\/\/www.keyenergy.it\/\" data-type=\"URL\" data-id=\"https:\/\/www.keyenergy.it\/\" target=\"_blank\" rel=\"noreferrer noopener\">K.EY - The Energy Transition Expo<\/a>, un evento que tiene la palabra transici\u00f3n en su centro.<\/p>\n\n<p><em>\"Para quienes creemos firmemente no s\u00f3lo en un futuro, sino sobre todo en un presente el\u00e9ctrico, este evento representa una oportunidad extraordinaria para apoyar -con firmeza y con una comparaci\u00f3n cada vez m\u00e1s autorizada con el resto de Europa- la transici\u00f3n hacia la e-movilidad<\/em>\", coment\u00f3 <strong>Alberto Stecca, cofundador y director general de Silla Industries, una <\/strong>start-up incluida en estos d\u00edas en el ranking europeo de las Empresas de Mayor Crecimiento del Financial Times.  <\/p>\n\n<p>\"<em>El retraso de Italia es inexcusable, al igual que la campa\u00f1a denigratoria de la prensa italiana hacia la energ\u00eda el\u00e9ctrica. Queremos seguir transmitiendo nuestra pasi\u00f3n presentando nuestras competencias de vanguardia y, al mismo tiempo, estar entre los protagonistas de esta comunidad a trav\u00e9s de los debates con las instituciones para facilitar esta aceleraci\u00f3n tan esperada y necesaria hacia la sostenibilidad. <\/em>.\"<\/p>\n\n<p>Compromisos y temas que Alberto Stecca aportar\u00e1, ampliados, a la mesa redonda organizada por ANIE para el 24 de marzo, con su propia intervenci\u00f3n dedicada a<em>\"Incentivos y medidas de apoyo a las infraestructuras de recarga<\/em>\".<\/p>\n\n<p>Renovada en su formato, la feria internacional dedicada a las energ\u00edas renovables cuenta con el inter\u00e9s general de no menos de 90 pa\u00edses extranjeros. El evento girar\u00e1 en torno a 6 pilares fundamentales: Solar, e-Movilidad, Hidr\u00f3geno, Eficiencia, E\u00f3lica, Ciudad, flanqueados por momentos y \u00e1reas de exposici\u00f3n dedicados a temas m\u00e1s verticales. <\/p>\n\n<p>Ser\u00e1 precisamente el \u00e1rea <strong>EME - e-Mobility Expo<\/strong> la que acoger\u00e1 el stand de la empresa de Padua <strong>-pabell\u00f3n B3, stand 200-<\/strong>, que propondr\u00e1 soluciones tecnol\u00f3gicamente avanzadas con el dise\u00f1o totalmente italiano que siempre la ha distinguido, dirigidas a empresas italianas e internacionales que operan en el sector de la tecnolog\u00eda, las soluciones integradas y, m\u00e1s en general, los servicios que impulsan la transici\u00f3n energ\u00e9tica.<\/p>\n\n<figure class=\"wp-block-image size-full\"><img fetchpriority=\"high\" decoding=\"async\" width=\"1024\" height=\"576\" src=\"https:\/\/silla.industries\/wp-content\/uploads\/2023\/03\/IMG_Silla-partecipazione-KEY-1024x576-1.jpg\" alt=\"Feria K.EY\" class=\"wp-image-13488\" srcset=\"https:\/\/silla.industries\/wp-content\/uploads\/2023\/03\/IMG_Silla-partecipazione-KEY-1024x576-1.jpg 1024w, https:\/\/silla.industries\/wp-content\/uploads\/2023\/03\/IMG_Silla-partecipazione-KEY-1024x576-1-300x169.jpg 300w, https:\/\/silla.industries\/wp-content\/uploads\/2023\/03\/IMG_Silla-partecipazione-KEY-1024x576-1-768x432.jpg 768w, https:\/\/silla.industries\/wp-content\/uploads\/2023\/03\/IMG_Silla-partecipazione-KEY-1024x576-1-360x203.jpg 360w, https:\/\/silla.industries\/wp-content\/uploads\/2023\/03\/IMG_Silla-partecipazione-KEY-1024x576-1-600x338.jpg 600w\" sizes=\"(max-width: 1024px) 100vw, 1024px\" \/><figcaption class=\"wp-element-caption\">Silla Industries expone en Key, la feria dedicada a las energ\u00edas renovables, del 22 al 24 de marzo<\/figcaption><\/figure>\n\n<p>En particular, para la categor\u00eda de carga dom\u00e9stica, Silla Industries estar\u00e1 presente con toda la conocida gama Prism enriquecida con una importante novedad:<\/p>\n\n<p>Prism Solar <strong>S<\/strong>, la versi\u00f3n de enchufe del exitoso cargador Prism Solar, equipado con un obturador de protecci\u00f3n autom\u00e1tico para evitar el contacto accidental con las partes activas del enchufe.<\/p>\n\n<p>Adem\u00e1s, se podr\u00e1 ver en primicia la pr\u00f3xima soluci\u00f3n dise\u00f1ada para entornos p\u00fablicos y semip\u00fablicos, <strong>Totem<\/strong>: una columna monobloque muy caracterizada por su dise\u00f1o, con pantalla y LED, para recargar dos coches gracias a sus dos tomas de corriente alterna, cada una de 22 kW, disponible en versiones con cable y sin cable.<\/p>\n\n<p>Y lo que es m\u00e1s importante, se presentar\u00e1n los dos prototipos que debutaron en el Sal\u00f3n del Autom\u00f3vil de Par\u00eds:<\/p>\n\n<ul class=\"wp-block-list\">\n<li><strong>Energy Hub 149<\/strong>, el agregador de alta tecnolog\u00eda que promete gestionar eficazmente la energ\u00eda y las comunicaciones dom\u00e9sticas sintetizando, en una \u00fanica soluci\u00f3n, las funciones de nada menos que <a href=\"https:\/\/silla.industries\/energy-hub-149\/\" target=\"_blank\" data-type=\"URL\" data-id=\"https:\/\/silla.industries\/energy-hub-149\/\" rel=\"noreferrer noopener\">7 dispositivos<\/a> (inversor fotovoltaico, cargador inversor, almacenamiento, estaci\u00f3n de carga bidireccional, sistema de gesti\u00f3n, SAI y m\u00f3dem Wi-Fi).  <\/li>\n\n\n\n<li><strong>Duke 44,<\/strong> un cargador de pie con dos tomas de CC de 22 kW, pionero en Italia, para acercar a\u00fan m\u00e1s la carga de CC al conductor el\u00e9ctrico y preparado para la bidireccionalidad.<\/li>\n<\/ul>\n\n<div style=\"height:50px\" aria-hidden=\"true\" class=\"wp-block-spacer\"><\/div>\n\n<p><strong>Industrias Silla<\/strong><\/p>\n\n<p><em>Silla Industries, una start-up italiana fundada por Alberto Stecca y Cristiano Griletti en Padua, con un equipo de 43 profesionales, opera en el sector de la e-movilidad. Desarrolla y produce soluciones tecnol\u00f3gicas innovadoras para el mundo de la e-movilidad y una mejor gesti\u00f3n de la energ\u00eda, tanto para el mercado de consumo con productos de marca propia, como Prism, como desarrollando productos a medida para grandes grupos italianos e internacionales.   <\/em><\/p>\n\n<p><em>Para m\u00e1s informaci\u00f3n:<\/em><\/p>\n\n<p>Industrias Silla: marketing@silla.industries<\/p>\n\n<p>Un lugar tranquilo: <a href=\"mailto:elena.santoro@aquietplace.it\">elena.santoro@aquietplace.it<\/a> \/ <a href=\"mailto:alessandra.battaglioli@aquietplace.it\">alessandra.battaglioli@aquietplace.it<\/a><\/p>\n","protected":false},"excerpt":{"rendered":"<p>Del 22 al 24 de marzo de 2023, el evento de referencia para las energ\u00edas renovables se celebrar\u00e1 en el Expo Center de Rimini<br \/>\n<a href=\"https:\/\/silla.industries\/es\/key-fiera-rimini-22-24-marzo-fierarinnovabili\/\" class=\"more-link\"><span>Seguir leyendo<\/span><span class=\"screen-reader-text\">Silla Industries entre las voces destacadas de K.EY - La Exposici\u00f3n de la Transici\u00f3n Energ\u00e9tica<\/span><\/a><\/p>\n","protected":false},"author":23,"featured_media":23251,"comment_status":"closed","ping_status":"closed","sticky":false,"template":"","format":"standard","meta":{"_uag_custom_page_level_css":"","footnotes":""},"categories":[1304],"tags":[1365,1364,1323],"class_list":["post-19902","post","type-post","status-publish","format-standard","has-post-thumbnail","hentry","category-comunicado-de-prensa","tag-alberto-stecca-consejero-delegado","tag-feria-k-ey","tag-industrias-silla"],"uagb_featured_image_src":{"full":["https:\/\/silla.industries\/wp-content\/uploads\/2023\/03\/IMG_silla-partecipa-fiera-KEY-rimini-scaled.jpg",2560,1710,false],"thumbnail":["https:\/\/silla.industries\/wp-content\/uploads\/2023\/03\/IMG_silla-partecipa-fiera-KEY-rimini-150x150.jpg",150,150,true],"medium":["https:\/\/silla.industries\/wp-content\/uploads\/2023\/03\/IMG_silla-partecipa-fiera-KEY-rimini-300x200.jpg",300,200,true],"medium_large":["https:\/\/silla.industries\/wp-content\/uploads\/2023\/03\/IMG_silla-partecipa-fiera-KEY-rimini-768x513.jpg",700,468,true],"large":["https:\/\/silla.industries\/wp-content\/uploads\/2023\/03\/IMG_silla-partecipa-fiera-KEY-rimini-1024x684.jpg",700,468,true],"1536x1536":["https:\/\/silla.industries\/wp-content\/uploads\/2023\/03\/IMG_silla-partecipa-fiera-KEY-rimini-1536x1026.jpg",1536,1026,true],"2048x2048":["https:\/\/silla.industries\/wp-content\/uploads\/2023\/03\/IMG_silla-partecipa-fiera-KEY-rimini-2048x1368.jpg",2048,1368,true],"betterdocs-category-thumb":["https:\/\/silla.industries\/wp-content\/uploads\/2023\/03\/IMG_silla-partecipa-fiera-KEY-rimini-360x240.jpg",360,240,true],"post-thumbnail":["https:\/\/silla.industries\/wp-content\/uploads\/2023\/03\/IMG_silla-partecipa-fiera-KEY-rimini-1200x802.jpg",1200,802,true],"twentytwenty-fullscreen":["https:\/\/silla.industries\/wp-content\/uploads\/2023\/03\/IMG_silla-partecipa-fiera-KEY-rimini-1980x1322.jpg",1980,1322,true],"mailpoet_newsletter_max":["https:\/\/silla.industries\/wp-content\/uploads\/2023\/03\/IMG_silla-partecipa-fiera-KEY-rimini-1320x882.jpg",1320,882,true],"menu-26x26":["https:\/\/silla.industries\/wp-content\/uploads\/2023\/03\/IMG_silla-partecipa-fiera-KEY-rimini-scaled.jpg",26,17,false],"menu-36x36":["https:\/\/silla.industries\/wp-content\/uploads\/2023\/03\/IMG_silla-partecipa-fiera-KEY-rimini-scaled.jpg",36,24,false],"menu-48x48":["https:\/\/silla.industries\/wp-content\/uploads\/2023\/03\/IMG_silla-partecipa-fiera-KEY-rimini-scaled.jpg",48,32,false],"woocommerce_thumbnail":["https:\/\/silla.industries\/wp-content\/uploads\/2023\/03\/IMG_silla-partecipa-fiera-KEY-rimini-450x450.jpg",450,450,true],"woocommerce_single":["https:\/\/silla.industries\/wp-content\/uploads\/2023\/03\/IMG_silla-partecipa-fiera-KEY-rimini-600x401.jpg",600,401,true],"woocommerce_gallery_thumbnail":["https:\/\/silla.industries\/wp-content\/uploads\/2023\/03\/IMG_silla-partecipa-fiera-KEY-rimini-100x100.jpg",100,100,true]},"uagb_author_info":{"display_name":"Valentina De Simone","author_link":"https:\/\/silla.industries\/es\/author\/valentina\/"},"uagb_comment_info":0,"uagb_excerpt":"Del 22 al 24 de marzo de 2023, el evento de referencia para las energ\u00edas renovables se celebrar\u00e1 en el Expo Center de Rimini Seguir leyendoSilla Industries entre las voces destacadas de K.EY - La Exposici\u00f3n de la Transici\u00f3n Energ\u00e9tica","_links":{"self":[{"href":"https:\/\/silla.industries\/es\/wp-json\/wp\/v2\/posts\/19902","targetHints":{"allow":["GET"]}}],"collection":[{"href":"https:\/\/silla.industries\/es\/wp-json\/wp\/v2\/posts"}],"about":[{"href":"https:\/\/silla.industries\/es\/wp-json\/wp\/v2\/types\/post"}],"author":[{"embeddable":true,"href":"https:\/\/silla.industries\/es\/wp-json\/wp\/v2\/users\/23"}],"replies":[{"embeddable":true,"href":"https:\/\/silla.industries\/es\/wp-json\/wp\/v2\/comments?post=19902"}],"version-history":[{"count":0,"href":"https:\/\/silla.industries\/es\/wp-json\/wp\/v2\/posts\/19902\/revisions"}],"wp:featuredmedia":[{"embeddable":true,"href":"https:\/\/silla.industries\/es\/wp-json\/wp\/v2\/media\/23251"}],"wp:attachment":[{"href":"https:\/\/silla.industries\/es\/wp-json\/wp\/v2\/media?parent=19902"}],"wp:term":[{"taxonomy":"category","embeddable":true,"href":"https:\/\/silla.industries\/es\/wp-json\/wp\/v2\/categories?post=19902"},{"taxonomy":"post_tag","embeddable":true,"href":"https:\/\/silla.industries\/es\/wp-json\/wp\/v2\/tags?post=19902"}],"curies":[{"name":"wp","href":"https:\/\/api.w.org\/{rel}","templated":true}]}}