{"id":14901,"date":"2023-04-17T16:26:21","date_gmt":"2023-04-17T14:26:21","guid":{"rendered":"https:\/\/silla.industries\/charge-angels-silla-industries-france-accord\/"},"modified":"2023-05-04T11:28:03","modified_gmt":"2023-05-04T09:28:03","slug":"charge-angels-silla-industries-france-accord","status":"publish","type":"post","link":"https:\/\/silla.industries\/fr\/charge-angels-silla-industries-france-accord\/","title":{"rendered":"Silla industries arrive en France avec Charge Angels"},"content":{"rendered":"\n<div style=\"height:50px\" aria-hidden=\"true\" class=\"wp-block-spacer\"><\/div>\n\n\n\n<p class=\"has-text-align-center\"><em>La start-up italienne de recharge \u00e9lectrique, d\u00e9sign\u00e9e par le FT comme l&rsquo;une des meilleures entreprises europ\u00e9ennes 2023, officialise son arriv\u00e9e en France avec le groupe leader EMSP.<\/em><\/p>\n\n\n\n<p><em>Padoue, le xx avril 2023<\/em> - Apr\u00e8s ses d\u00e9buts au Mondial de l&rsquo;Automobile de Paris \u00e0 l&rsquo;automne dernier, <a href=\"https:\/\/silla.industries\/fr\/qui-nous-sommes\/\" data-type=\"URL\" data-id=\"https:\/\/silla.industries\/chi-siamo\/\" target=\"_blank\" rel=\"noreferrer noopener\">Silla Industries<\/a> convainc <a href=\"https:\/\/chargeangels.fr\/\" data-type=\"URL\" data-id=\"https:\/\/chargeangels.fr\/\" target=\"_blank\" rel=\"noreferrer noopener\">Charge Angels<\/a>, l&rsquo;EMSP (Electro-Mobility Service Provider) qu&rsquo;elle a conquis la C\u00f4te d&rsquo;Azur.<\/p>\n\n\n\n<p>La vision commune des fondateurs des deux projets, Alberto Stecca et Gerald Seiler, a scell\u00e9 la recevabilit\u00e9 de l&rsquo;accord, au-del\u00e0 de la v\u00e9rification de la conformit\u00e9 technique entre la gamme Solar et la plateforme de services \u00e0 l&rsquo;antenne fournie par l&rsquo;acteur fran\u00e7ais.<\/p>\n\n\n\n<p>Seiler, qui a fond\u00e9 Charge Angels il y a un peu plus d&rsquo;un an, explique : \"Nous sommes tous deux des entrepreneurs enthousiastes \u00e0 l&rsquo;\u00e9gard de l&rsquo;e-mobilit\u00e9, des syst\u00e8mes open source avanc\u00e9s et de tout ce qui peut favoriser l&rsquo;e-mobilit\u00e9. Prism Solar est polyvalent, connect\u00e9, \u00e9volutif en temps r\u00e9el. Autant de qualit\u00e9s qui correspondent aux services que nous proposons. C&rsquo;est une combinaison que nous apporterons \u00e0 toutes les stations de recharge que nous g\u00e9rons sur la C\u00f4te d&rsquo;Azur et au-del\u00e0\".<\/p>\n\n\n\n<p>\"C&rsquo;est exact\", ajoute Alberto Stecca, PDG de Silla Industries. \u201cNous avons nous aussi \u00e9t\u00e9 impressionn\u00e9s par le projet de Gerald, qui pr\u00e9voit d\u00e9j\u00e0 500 stations de recharge et vise \u00e0 doubler ce nombre d&rsquo;ici la fin de l&rsquo;ann\u00e9e: la station de recharge en elle-m\u00eame n&rsquo;est rien d&rsquo;autre qu&rsquo;un moyen de fournir des services et des fonctions \u00e0 haute valeur ajout\u00e9e pour tous les types d&rsquo;utilisateurs \u00e9lectriques et intelligents. Notre atterrissage en dehors des fronti\u00e8res italiennes n&rsquo;aurait pas pu se faire d&rsquo;une meilleure mani\u00e8re, en particulier pour des produits tels que la toute nouvelle Solar S\u201d.<\/p>\n\n\n\n<p>Charge Angels propose des services visant \u00e0 am\u00e9liorer l&rsquo;exp\u00e9rience des conducteurs et des op\u00e9rateurs de points de charge (CPO), ainsi que la gestion des flottes. Aux conducteurs sur la route, il offre des services tels que la g\u00e9olocalisation des points de charge, tandis qu&rsquo;aux utilisateurs professionnels tels que les gestionnaires de flotte ou les op\u00e9rateurs de flotte, il aide au calcul des co\u00fbts et \u00e0 la maintenance, \u00e0 la lecture des donn\u00e9es et \u00e0 la r\u00e9partition des co\u00fbts des contrats d&rsquo;\u00e9nergie gr\u00e2ce \u00e0 un algorithme de charge intelligent.<\/p>\n\n\n\n<p>Les appareils de Silla Industries, tels que le Prism <a href=\"https:\/\/silla.industries\/fr\/prism-solar\/\" target=\"_blank\" data-type=\"URL\" data-id=\"https:\/\/silla.industries\/solar\/\" rel=\"noreferrer noopener\">Solar<\/a> et le tout nouveau Prism Solar S, sont enti\u00e8rement compatibles avec le logiciel de Charge Angels, qui permet une synergie entre les points de charge physiques et les services \"on air\" offerts par l&rsquo;op\u00e9rateur.<\/p>\n\n\n\n<figure class=\"wp-block-image size-large\"><img fetchpriority=\"high\" decoding=\"async\" width=\"1024\" height=\"768\" src=\"https:\/\/silla.industries\/wp-content\/uploads\/2023\/04\/IMG-auto-ricarica-colonnina-pubblica-1024x768.jpg\" alt=\"charge angels\" class=\"wp-image-14635\" srcset=\"https:\/\/silla.industries\/wp-content\/uploads\/2023\/04\/IMG-auto-ricarica-colonnina-pubblica-1024x768.jpg 1024w, https:\/\/silla.industries\/wp-content\/uploads\/2023\/04\/IMG-auto-ricarica-colonnina-pubblica-300x225.jpg 300w, https:\/\/silla.industries\/wp-content\/uploads\/2023\/04\/IMG-auto-ricarica-colonnina-pubblica-768x576.jpg 768w, https:\/\/silla.industries\/wp-content\/uploads\/2023\/04\/IMG-auto-ricarica-colonnina-pubblica-360x270.jpg 360w, https:\/\/silla.industries\/wp-content\/uploads\/2023\/04\/IMG-auto-ricarica-colonnina-pubblica-1536x1152.jpg 1536w, https:\/\/silla.industries\/wp-content\/uploads\/2023\/04\/IMG-auto-ricarica-colonnina-pubblica-2048x1536.jpg 2048w, https:\/\/silla.industries\/wp-content\/uploads\/2023\/04\/IMG-auto-ricarica-colonnina-pubblica-1200x900.jpg 1200w, https:\/\/silla.industries\/wp-content\/uploads\/2023\/04\/IMG-auto-ricarica-colonnina-pubblica-1980x1485.jpg 1980w, https:\/\/silla.industries\/wp-content\/uploads\/2023\/04\/IMG-auto-ricarica-colonnina-pubblica-1320x990.jpg 1320w, https:\/\/silla.industries\/wp-content\/uploads\/2023\/04\/IMG-auto-ricarica-colonnina-pubblica-600x450.jpg 600w\" sizes=\"(max-width: 1024px) 100vw, 1024px\" \/><figcaption class=\"wp-element-caption\">La recharge des v\u00e9hicules \u00e9lectriques aux bornes de recharge publiques devient plus intelligente gr\u00e2ce au partenariat entre Charge Angels et Silla Industries.<\/figcaption><\/figure>\n\n\n\n<h6 class=\"wp-block-heading\"><strong>Silla Industries<\/strong><\/h6>\n\n\n\n<p><em>Start-up italienne fond\u00e9e par Alberto Stecca et Cristiano Griletti \u00e0 Padoue, Silla Industries, avec une \u00e9quipe de plus de 40 professionnels, op\u00e8re dans le secteur de l&rsquo;e-mobilit\u00e9. Elle d\u00e9veloppe et produit des solutions technologiques innovantes pour le monde de l&rsquo;e-mobilit\u00e9 et une meilleure gestion de l&rsquo;\u00e9nergie \u00e0 la fois pour le march\u00e9 des consommateurs avec ses propres produits de marque, tels que Prism, et en d\u00e9veloppant des produits personnalis\u00e9s pour de grands groupes italiens et internationaux. En mars 2023, elle a \u00e9t\u00e9 class\u00e9e parmi les entreprises \u00e0 la croissance la plus rapide d&rsquo;Europe, obtenant la 80e place dans le classement international.<\/em><\/p>\n\n\n\n<h5 class=\"wp-block-heading\"><em>Pour plus d&rsquo;informations:<\/em><\/h5>\n\n\n\n<p>Silla Industries: marketing@silla.industries<\/p>\n\n\n\n<p>A quiet place: <a href=\"mailto:elena.santoro@aquietplace.it\">elena.santoro@aquietplace.it<\/a> \/ <a href=\"mailto:alessandra.battaglioli@aquietplace.it\">alessandra.battaglioli@aquietplace.it<\/a><\/p>\n","protected":false},"excerpt":{"rendered":"<p>La start-up italienne de recharge \u00e9lectrique, d\u00e9sign\u00e9e par le FT comme l&rsquo;une des meilleures entreprises europ\u00e9ennes 2023, officialise son arriv\u00e9e en France avec le groupe leader EMSP.<a href=\"https:\/\/silla.industries\/fr\/charge-angels-silla-industries-france-accord\/\" class=\"more-link\"><span>Poursuivre la lecture<\/span><span class=\"screen-reader-text\">Silla industries arrive en France avec Charge Angels<\/span><\/a><\/p>\n","protected":false},"author":23,"featured_media":14640,"comment_status":"closed","ping_status":"closed","sticky":false,"template":"","format":"standard","meta":{"_uag_custom_page_level_css":"","footnotes":""},"categories":[739],"tags":[741,740],"class_list":["post-14901","post","type-post","status-publish","format-standard","has-post-thumbnail","hentry","category-communique-de-presse","tag-charge-angels-fr","tag-silla-industries-fr"],"uagb_featured_image_src":{"full":["https:\/\/silla.industries\/wp-content\/uploads\/2023\/04\/IMG-ricarica-bev-su-strada-scaled.jpg",2560,1707,false],"thumbnail":["https:\/\/silla.industries\/wp-content\/uploads\/2023\/04\/IMG-ricarica-bev-su-strada-150x150.jpg",150,150,true],"medium":["https:\/\/silla.industries\/wp-content\/uploads\/2023\/04\/IMG-ricarica-bev-su-strada-300x200.jpg",300,200,true],"medium_large":["https:\/\/silla.industries\/wp-content\/uploads\/2023\/04\/IMG-ricarica-bev-su-strada-768x512.jpg",700,467,true],"large":["https:\/\/silla.industries\/wp-content\/uploads\/2023\/04\/IMG-ricarica-bev-su-strada-1024x683.jpg",700,467,true],"1536x1536":["https:\/\/silla.industries\/wp-content\/uploads\/2023\/04\/IMG-ricarica-bev-su-strada-1536x1024.jpg",1536,1024,true],"2048x2048":["https:\/\/silla.industries\/wp-content\/uploads\/2023\/04\/IMG-ricarica-bev-su-strada-2048x1366.jpg",2048,1366,true],"betterdocs-category-thumb":["https:\/\/silla.industries\/wp-content\/uploads\/2023\/04\/IMG-ricarica-bev-su-strada-360x240.jpg",360,240,true],"post-thumbnail":["https:\/\/silla.industries\/wp-content\/uploads\/2023\/04\/IMG-ricarica-bev-su-strada-1200x800.jpg",1200,800,true],"twentytwenty-fullscreen":["https:\/\/silla.industries\/wp-content\/uploads\/2023\/04\/IMG-ricarica-bev-su-strada-1980x1321.jpg",1980,1321,true],"mailpoet_newsletter_max":["https:\/\/silla.industries\/wp-content\/uploads\/2023\/04\/IMG-ricarica-bev-su-strada-1320x880.jpg",1320,880,true],"menu-26x26":["https:\/\/silla.industries\/wp-content\/uploads\/2023\/04\/IMG-ricarica-bev-su-strada-scaled.jpg",26,17,false],"menu-36x36":["https:\/\/silla.industries\/wp-content\/uploads\/2023\/04\/IMG-ricarica-bev-su-strada-scaled.jpg",36,24,false],"menu-48x48":["https:\/\/silla.industries\/wp-content\/uploads\/2023\/04\/IMG-ricarica-bev-su-strada-scaled.jpg",48,32,false],"woocommerce_thumbnail":["https:\/\/silla.industries\/wp-content\/uploads\/2023\/04\/IMG-ricarica-bev-su-strada-450x450.jpg",450,450,true],"woocommerce_single":["https:\/\/silla.industries\/wp-content\/uploads\/2023\/04\/IMG-ricarica-bev-su-strada-600x400.jpg",600,400,true],"woocommerce_gallery_thumbnail":["https:\/\/silla.industries\/wp-content\/uploads\/2023\/04\/IMG-ricarica-bev-su-strada-100x100.jpg",100,100,true]},"uagb_author_info":{"display_name":"Valentina De Simone","author_link":"https:\/\/silla.industries\/fr\/author\/valentina\/"},"uagb_comment_info":0,"uagb_excerpt":"La start-up italienne de recharge \u00e9lectrique, d\u00e9sign\u00e9e par le FT comme l'une des meilleures entreprises europ\u00e9ennes 2023, officialise son arriv\u00e9e en France avec le groupe leader EMSP.Poursuivre la lectureSilla industries arrive en France avec Charge Angels","_links":{"self":[{"href":"https:\/\/silla.industries\/fr\/wp-json\/wp\/v2\/posts\/14901","targetHints":{"allow":["GET"]}}],"collection":[{"href":"https:\/\/silla.industries\/fr\/wp-json\/wp\/v2\/posts"}],"about":[{"href":"https:\/\/silla.industries\/fr\/wp-json\/wp\/v2\/types\/post"}],"author":[{"embeddable":true,"href":"https:\/\/silla.industries\/fr\/wp-json\/wp\/v2\/users\/23"}],"replies":[{"embeddable":true,"href":"https:\/\/silla.industries\/fr\/wp-json\/wp\/v2\/comments?post=14901"}],"version-history":[{"count":0,"href":"https:\/\/silla.industries\/fr\/wp-json\/wp\/v2\/posts\/14901\/revisions"}],"wp:featuredmedia":[{"embeddable":true,"href":"https:\/\/silla.industries\/fr\/wp-json\/wp\/v2\/media\/14640"}],"wp:attachment":[{"href":"https:\/\/silla.industries\/fr\/wp-json\/wp\/v2\/media?parent=14901"}],"wp:term":[{"taxonomy":"category","embeddable":true,"href":"https:\/\/silla.industries\/fr\/wp-json\/wp\/v2\/categories?post=14901"},{"taxonomy":"post_tag","embeddable":true,"href":"https:\/\/silla.industries\/fr\/wp-json\/wp\/v2\/tags?post=14901"}],"curies":[{"name":"wp","href":"https:\/\/api.w.org\/{rel}","templated":true}]}}