{"id":19641,"date":"2022-07-01T11:30:00","date_gmt":"2022-07-01T09:30:00","guid":{"rendered":"https:\/\/silla.industries\/chiacchiere-elettriche-con-mattia-battagion-2\/"},"modified":"2025-07-01T21:53:54","modified_gmt":"2025-07-01T19:53:54","slug":"chiacchiere-elettriche-con-mattia-battagion-2","status":"publish","type":"post","link":"https:\/\/silla.industries\/fr\/chiacchiere-elettriche-con-mattia-battagion-2\/","title":{"rendered":"Electric Chats avec Mattia Battagion"},"content":{"rendered":"\n<div style=\"height:100px\" aria-hidden=\"true\" class=\"wp-block-spacer\"><\/div>\n\n<p>Mattia Battagion <em>, responsable du d\u00e9veloppement durable chez Will Media<\/em>, \u00e9tait notre invit\u00e9 lors du dernier \u00e9pisode de Chiacchiere Elettriche. L&rsquo;\u00e9mission en direct a vu l&rsquo;<strong>entreprise innovante<\/strong>, repr\u00e9sent\u00e9e par notre PDG<a href=\"https:\/\/silla.industries\/chi-siamo\/\" target=\"_blank\" rel=\"noreferrer noopener\"> Alberto Stecca<\/a>, et les plateformes d&rsquo;information des <strong>nouveaux m\u00e9dias<\/strong>, dont Mattia est un excellent repr\u00e9sentant, s&rsquo;affronter dans le m\u00eame salon virtuel. <\/p>\n\n<h2 class=\"wp-block-heading\">Communiquer sur la transition \u00e9cologique et la mobilit\u00e9 \u00e9lectrique<\/h2>\n\n<p>Si la transition \u00e9cologique est un horizon n\u00e9cessaire et irr\u00e9versible qui nous poussera \u00e0 changer nos habitudes, la <strong>mobilit\u00e9 \u00e9lectrique<\/strong> est certainement l&rsquo;un de ses aspects les plus stimulants. Pour que le processus soit vertueux et universel, la n\u00e9cessit\u00e9 d&rsquo;adopter de nouvelles (et bonnes) pratiques de transport et de faire \u00e9voluer notre fa\u00e7on de vivre et de consid\u00e9rer la voiture doit \u00eatre soutenue et expliqu\u00e9e. <\/p>\n\n<p>C&rsquo;est pr\u00e9cis\u00e9ment ici que le r\u00f4le de l&rsquo;entreprise innovante, qui produit les moyens de rendre la mobilit\u00e9 avanc\u00e9e utilisable, et celui de l&rsquo;entreprise d&rsquo;information, qui g\u00e9n\u00e8re un <strong>public inform\u00e9,<\/strong> s&rsquo;accordent.<\/p>\n\n<p class=\"has-text-align-left tw-mt-0\" style=\"font-size:10px\"><em><strong>Remarque<\/strong>: en visionnant cette vid\u00e9o, vous acceptez l&rsquo;utilisation des cookies de YouTube.<\/em><\/p>\n\n<iframe src=\"https:\/\/www.youtube-nocookie.com\/embed\/uMqDRUumMOI\" title=\"Lecteur vid\u00e9o YouTube\" frameborder=\"0\" allow=\"accelerometer; clipboard-write; encrypted-media; gyroscope; picture-in-picture\" style=\"width: 560px !important; height: 315px !important;\"><\/iframe>\n\n<figcaption>Electric Chats avec Mattia Battagion<\/figcaption>\n\n\n<h2 class=\"wp-block-heading\">Cr\u00e9er de la valeur est possible, mais seulement avec des donn\u00e9es fiables et un langage inclusif.<\/h2>\n\n<p>L&rsquo;objectif des communicateurs est de partir des bases, des sources et des donn\u00e9es fiables afin d&rsquo;\u00e9duquer le public sur la complexit\u00e9, sans tomber dans les clich\u00e9s. L&rsquo;\u00e9preuve d\u00e9cisive de l&rsquo;ensemble du processus est le dialogue avec la communaut\u00e9, donc l&rsquo;\u00e9coute. La question qui se pose est la suivante : peut-on obtenir un public qui participe \u00e0 la conversation, pose des questions et demande des \u00e9claircissements ? Bien s\u00fbr. La preuve en est l&rsquo;activit\u00e9 extraordinaire de <strong><a href=\"https:\/\/willmedia.it\/\" target=\"_blank\" rel=\"noreferrer noopener\">Will Media<\/a>, <\/strong>avec qui Mattia collabore. Apr\u00e8s tout, si la plateforme a choisi comme<em> slogan<\/em>:<em>\"Si vous ne pouvez pas le dire facilement, c&rsquo;est que vous ne le connaissez pas assez<\/em>\", c&rsquo;est aussi parce que le langage utilis\u00e9 pour communiquer avec les utilisateurs est inclusif et compr\u00e9hensible.     <\/p>\n\n<p>Un <em>mode op\u00e9ratoire<\/em> bien \u00e9loign\u00e9 de l&rsquo;utilisation de la polarisation ou du ph\u00e9nom\u00e8ne des titres \"accrocheurs\".<\/p>\n\n<figure class=\"wp-block-image size-large\"><img fetchpriority=\"high\" decoding=\"async\" width=\"1024\" height=\"768\" src=\"https:\/\/silla.industries\/wp-content\/uploads\/2022\/07\/photo_5904229338256095320_y-1024x768.jpg\" alt=\"Bavardage &#xE9;lectrique Mattia Battagion\" class=\"wp-image-8124\" srcset=\"https:\/\/silla.industries\/wp-content\/uploads\/2022\/07\/photo_5904229338256095320_y-1024x768.jpg 1024w, https:\/\/silla.industries\/wp-content\/uploads\/2022\/07\/photo_5904229338256095320_y-300x225.jpg 300w, https:\/\/silla.industries\/wp-content\/uploads\/2022\/07\/photo_5904229338256095320_y-768x576.jpg 768w, https:\/\/silla.industries\/wp-content\/uploads\/2022\/07\/photo_5904229338256095320_y-1200x900.jpg 1200w, https:\/\/silla.industries\/wp-content\/uploads\/2022\/07\/photo_5904229338256095320_y-600x450.jpg 600w, https:\/\/silla.industries\/wp-content\/uploads\/2022\/07\/photo_5904229338256095320_y.jpg 1280w\" sizes=\"(max-width: 1024px) 100vw, 1024px\" \/><figcaption>Directement du r\u00e9alisateur du dernier \u00e9pisode de Electric Chatter  <\/figcaption><\/figure>\n\n<h2 class=\"wp-block-heading\">  Du \"th\u00e8me\" au sens commun, l&rsquo;avenir de la durabilit\u00e9 est un courant dominant (dans le bon sens du terme)<\/h2>\n\n<p>La durabilit\u00e9 qui devient dominante est celle qui est communiqu\u00e9e \u00e0 tous de mani\u00e8re solide et authentique, en incluant dans la conversation tous les acteurs impliqu\u00e9s dans la transition vers un avenir alternatif.<\/p>\n\n<p>L&rsquo;entreprise devient un r\u00e9servoir de solutions pour reconvertir les processus, former les personnes, relocaliser les ressources ; la communication documente le processus en revenant \u00e0 sa fonction premi\u00e8re : poser des questions, y r\u00e9pondre sur la base de certaines donn\u00e9es et, bien s\u00fbr, \u00e9duquer.<\/p>\n\n<figure class=\"wp-block-image size-large\"><img decoding=\"async\" width=\"1024\" height=\"576\" src=\"https:\/\/silla.industries\/wp-content\/uploads\/2022\/07\/Battagion_Stecca_Will-Media_Silla-Industries_blog_2-1-1024x576.jpg\" alt=\"Bavardage &#xE9;lectrique\" class=\"wp-image-8195\" srcset=\"https:\/\/silla.industries\/wp-content\/uploads\/2022\/07\/Battagion_Stecca_Will-Media_Silla-Industries_blog_2-1-1024x576.jpg 1024w, https:\/\/silla.industries\/wp-content\/uploads\/2022\/07\/Battagion_Stecca_Will-Media_Silla-Industries_blog_2-1-300x169.jpg 300w, https:\/\/silla.industries\/wp-content\/uploads\/2022\/07\/Battagion_Stecca_Will-Media_Silla-Industries_blog_2-1-768x432.jpg 768w, https:\/\/silla.industries\/wp-content\/uploads\/2022\/07\/Battagion_Stecca_Will-Media_Silla-Industries_blog_2-1-1536x864.jpg 1536w, https:\/\/silla.industries\/wp-content\/uploads\/2022\/07\/Battagion_Stecca_Will-Media_Silla-Industries_blog_2-1-1200x675.jpg 1200w, https:\/\/silla.industries\/wp-content\/uploads\/2022\/07\/Battagion_Stecca_Will-Media_Silla-Industries_blog_2-1-600x338.jpg 600w, https:\/\/silla.industries\/wp-content\/uploads\/2022\/07\/Battagion_Stecca_Will-Media_Silla-Industries_blog_2-1.jpg 1600w\" sizes=\"(max-width: 1024px) 100vw, 1024px\" \/><figcaption>Mattia Battagion et Alberto Stecca<\/figcaption><\/figure>\n\n<h3 class=\"wp-block-heading\">En route vers Fit for 55, le \"moteur\" de la transition \u00e9cologique<\/h3>\n\n<p>A l&rsquo;heure o\u00f9 nous \u00e9crivons cet article, la position europ\u00e9enne sur l&rsquo;arr\u00eat de la production et de la vente de voitures \u00e0 moteur \u00e0 combustion interne en 2035 est officialis\u00e9e.<\/p>\n\n<p>Une solution qui fait partie du paquet d&rsquo;initiatives appel\u00e9<strong>\"Fit for 55<\/strong>\", le plan de l&rsquo;UE pour la transition verte.<\/p>\n\n<p>Que ce soit trop ou pas assez, selon le point de vue et le contexte, la mani\u00e8re dont nous d\u00e9cidons d&rsquo;utiliser les <strong>12 ann\u00e9es<\/strong> qui nous s\u00e9parent de l&rsquo;ann\u00e9e 0 de la mobilit\u00e9 d\u00e9pend en grande partie de nous. Ce qui est certain pour Silla et ce qui se produira, c&rsquo;est que l&rsquo;entreprise innovante et l&rsquo;information s&rsquo;engageront dans une coop\u00e9ration utile pour la communaut\u00e9. <\/p>\n\n<p>Nous sommes pr\u00eats !<\/p>\n","protected":false},"excerpt":{"rendered":"<p>Entreprise innovante et communication en confrontation pour soutenir la transition \u00e9cologique. La durabilit\u00e9 deviendra-t-elle un sens commun g\u00e9n\u00e9ralis\u00e9 ? Cela d\u00e9pend en grande partie de nous.<br \/>\nAlberto Stecca, PDG de Silla, en a parl\u00e9 avec Mattia Battagion, responsable du d\u00e9veloppement durable chez Will Media.  <a href=\"https:\/\/silla.industries\/fr\/chiacchiere-elettriche-con-mattia-battagion-2\/\" class=\"more-link\"><span>Poursuivre la lecture<\/span><span class=\"screen-reader-text\">Electric Chats avec Mattia Battagion<\/span><\/a><\/p>\n","protected":false},"author":23,"featured_media":9835,"comment_status":"closed","ping_status":"closed","sticky":false,"template":"templates\/template-cover.php","format":"standard","meta":{"_uag_custom_page_level_css":"","footnotes":""},"categories":[441],"tags":[1101,1074,1100,740,1070],"class_list":["post-19641","post","type-post","status-publish","format-standard","has-post-thumbnail","hentry","category-non-classifiee","tag-alberto-stecca-fr","tag-bavardage-electrique","tag-mattia-battagion-fr","tag-silla-industries-fr","tag-transition-ecologique"],"uagb_featured_image_src":{"full":["https:\/\/silla.industries\/wp-content\/uploads\/2022\/07\/mattia-battagion.jpg",1600,900,false],"thumbnail":["https:\/\/silla.industries\/wp-content\/uploads\/2022\/07\/mattia-battagion-150x150.jpg",150,150,true],"medium":["https:\/\/silla.industries\/wp-content\/uploads\/2022\/07\/mattia-battagion-300x169.jpg",300,169,true],"medium_large":["https:\/\/silla.industries\/wp-content\/uploads\/2022\/07\/mattia-battagion-768x432.jpg",700,394,true],"large":["https:\/\/silla.industries\/wp-content\/uploads\/2022\/07\/mattia-battagion-1024x576.jpg",700,394,true],"1536x1536":["https:\/\/silla.industries\/wp-content\/uploads\/2022\/07\/mattia-battagion-1536x864.jpg",1536,864,true],"2048x2048":["https:\/\/silla.industries\/wp-content\/uploads\/2022\/07\/mattia-battagion.jpg",1600,900,false],"betterdocs-category-thumb":["https:\/\/silla.industries\/wp-content\/uploads\/2022\/07\/mattia-battagion.jpg",360,203,false],"post-thumbnail":["https:\/\/silla.industries\/wp-content\/uploads\/2022\/07\/mattia-battagion-1200x675.jpg",1200,675,true],"twentytwenty-fullscreen":["https:\/\/silla.industries\/wp-content\/uploads\/2022\/07\/mattia-battagion.jpg",1600,900,false],"mailpoet_newsletter_max":["https:\/\/silla.industries\/wp-content\/uploads\/2022\/07\/mattia-battagion.jpg",1320,743,false],"menu-26x26":["https:\/\/silla.industries\/wp-content\/uploads\/2022\/07\/mattia-battagion.jpg",26,15,false],"menu-36x36":["https:\/\/silla.industries\/wp-content\/uploads\/2022\/07\/mattia-battagion.jpg",36,20,false],"menu-48x48":["https:\/\/silla.industries\/wp-content\/uploads\/2022\/07\/mattia-battagion.jpg",48,27,false],"woocommerce_thumbnail":["https:\/\/silla.industries\/wp-content\/uploads\/2022\/07\/mattia-battagion-450x450.jpg",450,450,true],"woocommerce_single":["https:\/\/silla.industries\/wp-content\/uploads\/2022\/07\/mattia-battagion-600x338.jpg",600,338,true],"woocommerce_gallery_thumbnail":["https:\/\/silla.industries\/wp-content\/uploads\/2022\/07\/mattia-battagion-100x100.jpg",100,100,true]},"uagb_author_info":{"display_name":"Valentina De Simone","author_link":"https:\/\/silla.industries\/fr\/author\/valentina\/"},"uagb_comment_info":0,"uagb_excerpt":"Entreprise innovante et communication en confrontation pour soutenir la transition \u00e9cologique. La durabilit\u00e9 deviendra-t-elle un sens commun g\u00e9n\u00e9ralis\u00e9 ? Cela d\u00e9pend en grande partie de nous. Alberto Stecca, PDG de Silla, en a parl\u00e9 avec Mattia Battagion, responsable du d\u00e9veloppement durable chez Will Media. Poursuivre la lectureElectric Chats avec Mattia Battagion","_links":{"self":[{"href":"https:\/\/silla.industries\/fr\/wp-json\/wp\/v2\/posts\/19641","targetHints":{"allow":["GET"]}}],"collection":[{"href":"https:\/\/silla.industries\/fr\/wp-json\/wp\/v2\/posts"}],"about":[{"href":"https:\/\/silla.industries\/fr\/wp-json\/wp\/v2\/types\/post"}],"author":[{"embeddable":true,"href":"https:\/\/silla.industries\/fr\/wp-json\/wp\/v2\/users\/23"}],"replies":[{"embeddable":true,"href":"https:\/\/silla.industries\/fr\/wp-json\/wp\/v2\/comments?post=19641"}],"version-history":[{"count":0,"href":"https:\/\/silla.industries\/fr\/wp-json\/wp\/v2\/posts\/19641\/revisions"}],"wp:featuredmedia":[{"embeddable":true,"href":"https:\/\/silla.industries\/fr\/wp-json\/wp\/v2\/media\/9835"}],"wp:attachment":[{"href":"https:\/\/silla.industries\/fr\/wp-json\/wp\/v2\/media?parent=19641"}],"wp:term":[{"taxonomy":"category","embeddable":true,"href":"https:\/\/silla.industries\/fr\/wp-json\/wp\/v2\/categories?post=19641"},{"taxonomy":"post_tag","embeddable":true,"href":"https:\/\/silla.industries\/fr\/wp-json\/wp\/v2\/tags?post=19641"}],"curies":[{"name":"wp","href":"https:\/\/api.w.org\/{rel}","templated":true}]}}