{"id":19705,"date":"2024-04-08T08:41:04","date_gmt":"2024-04-08T06:41:04","guid":{"rendered":"https:\/\/silla.industries\/regalgrid-silla-industries-partnership\/"},"modified":"2025-07-01T21:56:01","modified_gmt":"2025-07-01T19:56:01","slug":"regalgrid-silla-industries-partnership","status":"publish","type":"post","link":"https:\/\/silla.industries\/fr\/regalgrid-silla-industries-partnership\/","title":{"rendered":"Regalgrid et Silla Industries s&rsquo;associent pour l&rsquo;avenir de la recharge des v\u00e9hicules dans les communaut\u00e9s d&rsquo;\u00e9nergie renouvelable"},"content":{"rendered":"\n<div style=\"height:50px\" aria-hidden=\"true\" class=\"wp-block-spacer\"><\/div>\n\n<p><em>Padoue - Tr\u00e9vise, 28 mars<\/em>. Les communaut\u00e9s de l&rsquo;\u00e9nergie peuvent-elles contribuer \u00e0 la diffusion de l&rsquo;e-mobilit\u00e9 ? <strong>Silla Industries<\/strong> et <strong>Regalgrid<\/strong> en sont convaincues. C&rsquo;est dans cette optique que l&rsquo;accord entre les deux entreprises v\u00e9nitiennes vise \u00e0 r\u00e9unir des technologies mat\u00e9rielles et logicielles propri\u00e9taires et brevet\u00e9es pour inclure des stations de recharge \u00e9lectrique dans l&rsquo;habitat des communaut\u00e9s \u00e9nerg\u00e9tiques, en garantissant le meilleur niveau possible d&rsquo;int\u00e9gration et d&rsquo;efficacit\u00e9.  <\/p>\n\n<p>Dans le cadre de cette collaboration, <a href=\"https:\/\/www.regalgrid.com\/\" target=\"_blank\" rel=\"noopener\">Regalgrid<\/a>, un fournisseur de technologies innovantes de Tr\u00e9vise qui d\u00e9veloppe depuis 2016 un syst\u00e8me de gestion des \u00e9nergies renouvelables par la combinaison et la coordination de diff\u00e9rents mat\u00e9riels pour l&rsquo;\u00e9change et l&rsquo;optimisation des flux d&rsquo;\u00e9nergie, fournit sa plateforme propri\u00e9taire pour la gestion intelligente des ressources \u00e9nerg\u00e9tiques, tandis que Silla Industries, une entreprise d&rsquo;e-mobilit\u00e9 de Padoue<em>, <\/em>son syst\u00e8me de gestion de l&rsquo;\u00e9nergie et son syst\u00e8me de gestion de l&rsquo;\u00e9nergie.<em> <\/em>les syst\u00e8mes de recharge de v\u00e9hicules de haute technologie, tels que <a href=\"https:\/\/silla.industries\/prism-solar-monofase\/\" data-type=\"link\" data-id=\"https:\/\/silla.industries\/prism-solar-monofase\/\">Prism Solar<\/a>. L&rsquo;interconnexion des technologies permettra de convertir l&rsquo;\u00e9nergie exc\u00e9dentaire des syst\u00e8mes photovolta\u00efques en \u00e9nergie pour recharger la voiture, d&rsquo;interagir avec les syst\u00e8mes num\u00e9riques pour optimiser les flux d&rsquo;\u00e9nergie, et de rendre les syst\u00e8mes de recharge CER Ready, c&rsquo;est-\u00e0-dire pr\u00eats \u00e0 entrer dans la communaut\u00e9 \u00e9nerg\u00e9tique en combinaison avec les syst\u00e8mes photovolta\u00efques ou en tant que points de consommation. <\/p>\n\n<p><\/p>\n\n<div class=\"wp-block-columns is-layout-flex wp-container-core-columns-is-layout-d0b3c9c8 wp-block-columns-is-layout-flex\">\n<div class=\"wp-block-column is-layout-flow wp-block-column-is-layout-flow\" style=\"--col-width:33.33%;flex-basis:33.33%\">\n<figure class=\"wp-block-image size-full\"><img fetchpriority=\"high\" decoding=\"async\" width=\"600\" height=\"750\" src=\"https:\/\/silla.industries\/wp-content\/uploads\/2023\/09\/Alberto-Stecca-600x750-1.jpg\" alt=\"Regalgrid et Silla Industries s'associent pour l'avenir des CERs\" class=\"wp-image-16085\" style=\"aspect-ratio:1;object-fit:cover\" srcset=\"https:\/\/silla.industries\/wp-content\/uploads\/2023\/09\/Alberto-Stecca-600x750-1.jpg 600w, https:\/\/silla.industries\/wp-content\/uploads\/2023\/09\/Alberto-Stecca-600x750-1-240x300.jpg 240w\" sizes=\"(max-width: 600px) 100vw, 600px\" \/><figcaption class=\"wp-element-caption\">Alberto Stecca - PDG de Silla Industries<\/figcaption><\/figure>\n<\/div>\n\n\n\n<div class=\"wp-block-column is-layout-flow wp-block-column-is-layout-flow\" style=\"--col-width:66.66%;flex-basis:66.66%\">\n<p> <em>\"Le grand projet de durabilit\u00e9 promu par les Communaut\u00e9s d&rsquo;\u00e9nergie renouvelable a une r\u00e9elle chance de changer la fa\u00e7on dont notre pays consomme. Inclure la recharge des v\u00e9hicules \u00e9lectriques signifie augmenter la conscience et la valeur du comportement vertueux de leurs membres constitutifs, et avec Regalgrid, nous pouvons y parvenir\". <\/em>  commente <strong>Alberto Stecca<\/strong>, PDG de Silla Industries.<\/p>\n\n\n\n<p><\/p>\n<\/div>\n<\/div>\n\n<div class=\"wp-block-columns is-layout-flex wp-container-core-columns-is-layout-d0b3c9c8 wp-block-columns-is-layout-flex\">\n<div class=\"wp-block-column is-layout-flow wp-block-column-is-layout-flow\" style=\"--col-width:66.66%;flex-basis:66.66%\">\n<p><em>\"Les Communaut\u00e9s de l&rsquo;\u00e9nergie renouvelable reconnaissent au consommateur un r\u00f4le cl\u00e9 dans l&rsquo;utilisation durable de l&rsquo;\u00e9nergie, ce qui est nouveau et sans pr\u00e9c\u00e9dent. Il est donc essentiel de prendre en compte et d&rsquo;int\u00e9grer la mobilit\u00e9 \u00e9lectrique, par nature \u00e9nergivore, dans les plans de transition \u00e9nerg\u00e9tique. Nous sommes convaincus que la collaboration avec Silla, leader en mati\u00e8re d&rsquo;innovation technologique dans le secteur, peut conduire \u00e0 une acc\u00e9l\u00e9ration significative dans cette direction, en rendant le processus plus efficace et int\u00e9gr\u00e9 aux syst\u00e8mes Regalgrid \", commente <strong>Stefano Scolari<\/strong>, Chief Operations Officer de Regalgrid Europe.  <\/em><\/p>\n<\/div>\n\n\n\n<div class=\"wp-block-column is-layout-flow wp-block-column-is-layout-flow\" style=\"--col-width:33.33%;flex-basis:33.33%\">\n<figure class=\"wp-block-image size-large\"><img decoding=\"async\" width=\"1024\" height=\"1024\" src=\"https:\/\/silla.industries\/wp-content\/uploads\/2024\/04\/Stefano-Scolari-1024x1024.jpg\" alt=\"Regalgrid et Silla Industries s'associent pour les CERs\" class=\"wp-image-17939\" style=\"aspect-ratio:1;object-fit:cover\" srcset=\"https:\/\/silla.industries\/wp-content\/uploads\/2024\/04\/Stefano-Scolari-1024x1024.jpg 1024w, https:\/\/silla.industries\/wp-content\/uploads\/2024\/04\/Stefano-Scolari-300x300.jpg 300w, https:\/\/silla.industries\/wp-content\/uploads\/2024\/04\/Stefano-Scolari-150x150.jpg 150w, https:\/\/silla.industries\/wp-content\/uploads\/2024\/04\/Stefano-Scolari-768x768.jpg 768w, https:\/\/silla.industries\/wp-content\/uploads\/2024\/04\/Stefano-Scolari-1536x1536.jpg 1536w, https:\/\/silla.industries\/wp-content\/uploads\/2024\/04\/Stefano-Scolari-1200x1200.jpg 1200w, https:\/\/silla.industries\/wp-content\/uploads\/2024\/04\/Stefano-Scolari-1980x1980.jpg 1980w, https:\/\/silla.industries\/wp-content\/uploads\/2024\/04\/Stefano-Scolari-1320x1320.jpg 1320w, https:\/\/silla.industries\/wp-content\/uploads\/2024\/04\/Stefano-Scolari-450x450.jpg 450w, https:\/\/silla.industries\/wp-content\/uploads\/2024\/04\/Stefano-Scolari-600x600.jpg 600w, https:\/\/silla.industries\/wp-content\/uploads\/2024\/04\/Stefano-Scolari-100x100.jpg 100w, https:\/\/silla.industries\/wp-content\/uploads\/2024\/04\/Stefano-Scolari.jpg 2000w\" sizes=\"(max-width: 1024px) 100vw, 1024px\" \/><figcaption class=\"wp-element-caption\">Stefano Scolari - COO Regalgrid Europe<\/figcaption><\/figure>\n<\/div>\n<\/div>\n\n<hr class=\"wp-block-separator has-text-color has-accent-color has-alpha-channel-opacity has-accent-background-color has-background tw-mt-5 is-style-tw-dotted\"\/>\n\n<p class=\"has-normal-font-size\"><strong>Silla Industries<\/strong><\/p>\n\n<p class=\"has-small-font-size\">PME fond\u00e9e par Alberto Stecca et Cristiano Griletti \u00e0 Padoue (Italie), Silla Industries op\u00e8re dans le secteur de l&rsquo;e-mobilit\u00e9. En 2023, elle a \u00e9t\u00e9 class\u00e9e 80e parmi les entreprises europ\u00e9ennes \u00e0 la croissance la plus rapide par le Financial Times.  Elle d\u00e9veloppe et produit des solutions technologiques innovantes pour le monde de la mobilit\u00e9 \u00e9lectrique et une meilleure gestion de l&rsquo;\u00e9nergie, \u00e0 la fois pour le march\u00e9 des consommateurs avec des produits commercialis\u00e9s sous sa marque, tels que Prism, et en d\u00e9veloppant des produits personnalis\u00e9s pour de grands groupes italiens et internationaux, tels que Repower. <\/p>\n\n<p class=\"has-small-font-size\">Silla Industries: <a href=\"http:\/\/valentina.desimone@silla.industries\">valentina.desimone@silla.industries<\/a><\/p>\n\n<p class=\"has-small-font-size\">A quiet place: <a href=\"mailto:elena.santoro@aquietplace.it\">elena.santoro@aquietplace.it<\/a> \/ <a href=\"mailto:alice.fracassi@aquietplace.it\">alice.fracassi@aquietplace.it<\/a><\/p>\n\n<p class=\"has-normal-font-size\"><strong>Regalgrid Europe<\/strong><\/p>\n\n<p class=\"has-small-font-size\">Fournisseur de technologies innovantes bas\u00e9 \u00e0 Tr\u00e9vise, n\u00e9 dans le but de d\u00e9velopper un syst\u00e8me durable, avanc\u00e9 et innovant de gestion des \u00e9nergies renouvelables par la combinaison et la coordination de mat\u00e9riel de diff\u00e9rents fabricants pour l&rsquo;\u00e9change et l&rsquo;optimisation des flux d&rsquo;\u00e9nergie. Regalgrid Europe fait partie du groupe Regalgrid, un mod\u00e8le d&rsquo;entreprise qui repose sur la force d&rsquo;un groupe de filiales et de soci\u00e9t\u00e9s en participation (Regalgrid Europe, B-CER, CER&amp;GO, Cogenera Italia) et sur la capacit\u00e9 de d\u00e9velopper, directement ou en collaboration avec des partenaires, des projets articul\u00e9s pour le partage collectif de l&rsquo;\u00e9nergie renouvelable g\u00e9n\u00e9r\u00e9e par des groupes d&rsquo;utilisateurs raccord\u00e9s au r\u00e9seau \u00e9lectrique. <\/p>\n\n<p class=\"has-small-font-size\">Regalgrid Europe : <a href=\"mailto:public.relation@regalgrid.com\">public.relation@regalgrid.com<\/a><br\/>Site web <a href=\"https:\/\/www.regalgrid.com\/\" target=\"_blank\" rel=\"noopener\">: https:\/\/www.regalgrid.com\/<\/a><\/p>\n","protected":false},"excerpt":{"rendered":"<p>Lancement du partenariat entre les deux entreprises v\u00e9nitiennes pour la mise en place de colonnes domestiques pour les communaut\u00e9s d&rsquo;\u00e9nergie renouvelable<a href=\"https:\/\/silla.industries\/fr\/regalgrid-silla-industries-partnership\/\" class=\"more-link\"><span>Poursuivre la lecture<\/span><span class=\"screen-reader-text\">Regalgrid et Silla Industries s&rsquo;associent pour l&rsquo;avenir de la recharge des v\u00e9hicules dans les communaut\u00e9s d&rsquo;\u00e9nergie renouvelable<\/span><\/a><\/p>\n","protected":false},"author":23,"featured_media":17937,"comment_status":"closed","ping_status":"closed","sticky":false,"template":"","format":"standard","meta":{"_uag_custom_page_level_css":"","footnotes":""},"categories":[739],"tags":[1194,843,1193,184,740],"class_list":["post-19705","post","type-post","status-publish","format-standard","has-post-thumbnail","hentry","category-communique-de-presse","tag-communautes-de-lenergie-renouvelable","tag-regalgrid","tag-regalgrid-fr","tag-silla-industries","tag-silla-industries-fr"],"uagb_featured_image_src":{"full":["https:\/\/silla.industries\/wp-content\/uploads\/2024\/04\/IMG-regalgridsillaindustries.png",1200,628,false],"thumbnail":["https:\/\/silla.industries\/wp-content\/uploads\/2024\/04\/IMG-regalgridsillaindustries-150x150.png",150,150,true],"medium":["https:\/\/silla.industries\/wp-content\/uploads\/2024\/04\/IMG-regalgridsillaindustries-300x157.png",300,157,true],"medium_large":["https:\/\/silla.industries\/wp-content\/uploads\/2024\/04\/IMG-regalgridsillaindustries-768x402.png",700,366,true],"large":["https:\/\/silla.industries\/wp-content\/uploads\/2024\/04\/IMG-regalgridsillaindustries-1024x536.png",700,366,true],"1536x1536":["https:\/\/silla.industries\/wp-content\/uploads\/2024\/04\/IMG-regalgridsillaindustries.png",1200,628,false],"2048x2048":["https:\/\/silla.industries\/wp-content\/uploads\/2024\/04\/IMG-regalgridsillaindustries.png",1200,628,false],"betterdocs-category-thumb":["https:\/\/silla.industries\/wp-content\/uploads\/2024\/04\/IMG-regalgridsillaindustries.png",360,188,false],"post-thumbnail":["https:\/\/silla.industries\/wp-content\/uploads\/2024\/04\/IMG-regalgridsillaindustries.png",1200,628,false],"twentytwenty-fullscreen":["https:\/\/silla.industries\/wp-content\/uploads\/2024\/04\/IMG-regalgridsillaindustries.png",1200,628,false],"mailpoet_newsletter_max":["https:\/\/silla.industries\/wp-content\/uploads\/2024\/04\/IMG-regalgridsillaindustries.png",1200,628,false],"menu-26x26":["https:\/\/silla.industries\/wp-content\/uploads\/2024\/04\/IMG-regalgridsillaindustries.png",26,14,false],"menu-36x36":["https:\/\/silla.industries\/wp-content\/uploads\/2024\/04\/IMG-regalgridsillaindustries.png",36,19,false],"menu-48x48":["https:\/\/silla.industries\/wp-content\/uploads\/2024\/04\/IMG-regalgridsillaindustries.png",48,25,false],"woocommerce_thumbnail":["https:\/\/silla.industries\/wp-content\/uploads\/2024\/04\/IMG-regalgridsillaindustries-450x450.png",450,450,true],"woocommerce_single":["https:\/\/silla.industries\/wp-content\/uploads\/2024\/04\/IMG-regalgridsillaindustries-600x314.png",600,314,true],"woocommerce_gallery_thumbnail":["https:\/\/silla.industries\/wp-content\/uploads\/2024\/04\/IMG-regalgridsillaindustries-100x100.png",100,100,true]},"uagb_author_info":{"display_name":"Valentina De Simone","author_link":"https:\/\/silla.industries\/fr\/author\/valentina\/"},"uagb_comment_info":0,"uagb_excerpt":"Lancement du partenariat entre les deux entreprises v\u00e9nitiennes pour la mise en place de colonnes domestiques pour les communaut\u00e9s d'\u00e9nergie renouvelablePoursuivre la lectureRegalgrid et Silla Industries s'associent pour l'avenir de la recharge des v\u00e9hicules dans les communaut\u00e9s d'\u00e9nergie renouvelable","_links":{"self":[{"href":"https:\/\/silla.industries\/fr\/wp-json\/wp\/v2\/posts\/19705","targetHints":{"allow":["GET"]}}],"collection":[{"href":"https:\/\/silla.industries\/fr\/wp-json\/wp\/v2\/posts"}],"about":[{"href":"https:\/\/silla.industries\/fr\/wp-json\/wp\/v2\/types\/post"}],"author":[{"embeddable":true,"href":"https:\/\/silla.industries\/fr\/wp-json\/wp\/v2\/users\/23"}],"replies":[{"embeddable":true,"href":"https:\/\/silla.industries\/fr\/wp-json\/wp\/v2\/comments?post=19705"}],"version-history":[{"count":0,"href":"https:\/\/silla.industries\/fr\/wp-json\/wp\/v2\/posts\/19705\/revisions"}],"wp:featuredmedia":[{"embeddable":true,"href":"https:\/\/silla.industries\/fr\/wp-json\/wp\/v2\/media\/17937"}],"wp:attachment":[{"href":"https:\/\/silla.industries\/fr\/wp-json\/wp\/v2\/media?parent=19705"}],"wp:term":[{"taxonomy":"category","embeddable":true,"href":"https:\/\/silla.industries\/fr\/wp-json\/wp\/v2\/categories?post=19705"},{"taxonomy":"post_tag","embeddable":true,"href":"https:\/\/silla.industries\/fr\/wp-json\/wp\/v2\/tags?post=19705"}],"curies":[{"name":"wp","href":"https:\/\/api.w.org\/{rel}","templated":true}]}}