{"id":19740,"date":"2024-04-30T10:44:12","date_gmt":"2024-04-30T08:44:12","guid":{"rendered":"https:\/\/silla.industries\/echarge-prism-ng-gemini-silla\/"},"modified":"2025-07-01T21:57:33","modified_gmt":"2025-07-01T19:57:33","slug":"echarge-prism-ng-gemini-silla","status":"publish","type":"post","link":"https:\/\/silla.industries\/fr\/echarge-prism-ng-gemini-silla\/","title":{"rendered":"SILLA CON\u00c7OIT L&rsquo;AVENIR DE LA RECHARGE \u00c9LECTRIQUE AVEC DEUX INNOVATIONS"},"content":{"rendered":"\n<div style=\"height:50px\" aria-hidden=\"true\" class=\"wp-block-spacer\"><\/div>\n\n<p class=\"has-text-align-left\"><em>Padoue, avril 2024<\/em> - La deuxi\u00e8me \u00e9dition d <strong><a href=\"https:\/\/e-charge.show\/\" target=\"_blank\" rel=\"noopener\">Echarge 2024<\/a><\/strong> sera le cadre des innovations que Silla Industries a con\u00e7ues pour relever les d\u00e9fis actuels de la recharge \u00e9lectrique, tant au niveau domestique que professionnel, avec des solutions d&rsquo;avant-garde, intelligentes et conviviales. L&rsquo;entreprise de Padoue a choisi l&rsquo;important \u00e9v\u00e9nement de Bologne d\u00e9di\u00e9 \u00e0 la cha\u00eene d&rsquo;approvisionnement des technologies, des infrastructures et des syst\u00e8mes de recharge pour la mobilit\u00e9 \u00e9lectrique, qui se tiendra au parc des expositions les 7 et 8 mai, pour pr\u00e9senter deux nouveaux produits.   <\/p>\n\n<p><em>\"Nous sommes constamment engag\u00e9s dans la recherche et le d\u00e9veloppement de solutions technologiques de pointe en mettant sur le march\u00e9 des produits \u00e0 l&rsquo;\u00e9preuve du temps, dans le cadre de notre mission visant \u00e0 faciliter la diffusion et l&rsquo;adoption des v\u00e9hicules \u00e9lectriques \u00e0 grande \u00e9chelle<\/em>\", commente <strong>Alberto Stecca, PDG de Silla Industries, <\/strong>qui interviendra \u00e9galement lors de la troisi\u00e8me \u00e9dition d&rsquo;<strong>E-Tech Europe 2024<\/strong>, l&rsquo;\u00e9v\u00e9nement international d\u00e9di\u00e9 \u00e0 la mobilit\u00e9 \u00e9lectrique qui se tiendra \u00e0 Bologne les m\u00eames jours, dans la session consacr\u00e9e \u00e0 <strong>\"Recharge \u00e0 domicile et priv\u00e9e : technologies\", le 8 mai de 9 h 30 \u00e0 11 h 00.<\/strong><\/p>\n\n<p><\/p>\n\n<figure class=\"wp-block-image size-large\"><img fetchpriority=\"high\" decoding=\"async\" width=\"1024\" height=\"535\" src=\"https:\/\/silla.industries\/wp-content\/uploads\/2024\/05\/Silla-Industries-E-CHARGE-2024-Espone-1024x535.jpg\" alt=\"Salon Echarge &#xE0; Bologne - mai 2024\" class=\"wp-image-18105\" srcset=\"https:\/\/silla.industries\/wp-content\/uploads\/2024\/05\/Silla-Industries-E-CHARGE-2024-Espone-1024x535.jpg 1024w, https:\/\/silla.industries\/wp-content\/uploads\/2024\/05\/Silla-Industries-E-CHARGE-2024-Espone-300x157.jpg 300w, https:\/\/silla.industries\/wp-content\/uploads\/2024\/05\/Silla-Industries-E-CHARGE-2024-Espone-768x401.jpg 768w, https:\/\/silla.industries\/wp-content\/uploads\/2024\/05\/Silla-Industries-E-CHARGE-2024-Espone-600x314.jpg 600w, https:\/\/silla.industries\/wp-content\/uploads\/2024\/05\/Silla-Industries-E-CHARGE-2024-Espone.jpg 1200w\" sizes=\"(max-width: 1024px) 100vw, 1024px\" \/><\/figure>\n\n<p>Avec <strong>Prism Next Generation<\/strong>, Silla Industries fait un pas en avant en enrichissant encore la <a href=\"https:\/\/silla.industries\/fr\/gamma-prism\/\">gamme Prism<\/a>: le produit innovant de recharge \u00e0 domicile est en effet pr\u00eat \u00e0 interagir avec les prochains syst\u00e8mes AC bidirectionnels. Ce qui a \u00e9galement chang\u00e9, c&rsquo;est son apparence : le dispositif sera \u00e9quip\u00e9 d&rsquo;un \u00e9cran tactile \u00e0 partir duquel il sera possible de d\u00e9finir le pourcentage de charge \u00e0 atteindre par session, en exploitant la capacit\u00e9 de Prism NG \u00e0 communiquer et \u00e0 identifier le v\u00e9hicule connect\u00e9, dans le but de rendre la recharge \u00e0 domicile de plus en plus intelligente et conviviale. Prism NG comprendra les caract\u00e9ristiques technologiques d\u00e9j\u00e0 appr\u00e9ci\u00e9es de Prism Solar, haut de gamme, qui permet de recharger le v\u00e9hicule avec l&rsquo;\u00e9nergie exc\u00e9dentaire produite par les cellules photovolta\u00efques, ainsi qu&rsquo;une connectivit\u00e9 avanc\u00e9e.  <\/p>\n\n<p>Destin\u00e9e \u00e0 l&rsquo;ensemble du secteur on-trade et \u00e0 un public plus professionnel, la deuxi\u00e8me nouveaut\u00e9 que Silla Industries s&rsquo;appr\u00eate \u00e0 lancer : <strong>GEMINI<\/strong> est la station de recharge \u00e0 deux prises, d&rsquo;une puissance maximale de 22 kW chacune, qui s&rsquo;associe \u00e0 la technologie Plug &lsquo;n Charge pour la reconnaissance automatique de la voiture au moment du ravitaillement. Avec la possibilit\u00e9 de paiement sans contact ou par QR code, en combinaison avec le service de gestion de la collecte Charge To It, GEMINI est la solution id\u00e9ale pour les entreprises qui souhaitent offrir un service suppl\u00e9mentaire \u00e0 forte valeur ajout\u00e9e \u00e0 leurs clients avec la recharge \u00e9lectrique. La g\u00e9olocalisation de la station de recharge GEMINI est toujours possible, \u00e0 la discr\u00e9tion du propri\u00e9taire de la station, de m\u00eame que le prix du kWh \u00e0 facturer au client. <\/p>\n\n<p>\u00c0 ces innovations de produits, Silla accompagne \u00e9galement le <strong>renouvellement de l&rsquo;interface <\/strong>utilisateur avec une nouvelle application pour Android et iOS qui met en \u0153uvre de nouvelles fonctionnalit\u00e9s et am\u00e9liore l&rsquo;exp\u00e9rience de l&rsquo;utilisateur dans l&rsquo;utilisation quotidienne de l&rsquo;appareil.<\/p>\n\n<p>Le salon marque \u00e9galement l&rsquo;ouverture de l&rsquo;adh\u00e9sion \u00e0 <strong>Silla Premium Service, <\/strong>le programme de <strong>partenariat destin\u00e9 aux installateurs <\/strong>actifs dans la r\u00e9gion, qui se voient offrir un programme de formation et de certification d\u00e9di\u00e9 leur permettant d&rsquo;installer et d&rsquo;utiliser les dispositifs Silla \"dans les r\u00e8gles de l&rsquo;art\".<\/p>\n\n<p class=\"has-small-font-size\"><strong>Silla Industries<\/strong><\/p>\n\n<p class=\"has-small-font-size\"><em>PME fond\u00e9e par Alberto Stecca et Cristiano Griletti \u00e0 Padoue (Italie), Silla Industries op\u00e8re dans le secteur de l&rsquo;e-mobilit\u00e9. En 2023, elle a \u00e9t\u00e9 class\u00e9e 80e parmi les entreprises europ\u00e9ennes \u00e0 la croissance la plus rapide par le Financial Times.  Elle d\u00e9veloppe et produit des solutions technologiques innovantes pour le monde de la mobilit\u00e9 \u00e9lectrique et une meilleure gestion de l&rsquo;\u00e9nergie, \u00e0 la fois pour le march\u00e9 des consommateurs avec des produits commercialis\u00e9s sous sa marque, tels que Prism, et en d\u00e9veloppant des produits personnalis\u00e9s pour de grands groupes italiens et internationaux, tels que Repower. <\/em><\/p>\n\n<p class=\"has-small-font-size\"><em>Pour plus d&rsquo;informations:<\/em><\/p>\n\n<p class=\"has-small-font-size\">Silla Industries :<a href=\"http:\/\/valentina.desimone@silla.industries\/\"> valentina.desimone@silla.industries<\/a><\/p>\n\n<p class=\"has-small-font-size\">A quiet place: <a href=\"mailto:elena.santoro@aquietplace.it\">elena.santoro@aquietplace.it<\/a> \/ <a href=\"mailto:alice.fracassi@aquietplace.it\">alice.fracassi@aquietplace.it<\/a><\/p>\n","protected":false},"excerpt":{"rendered":"<p>E-Charge \u00e0 Bologne est la sc\u00e8ne choisie pour la pr\u00e9sentation de Prism Next Generation, la nouvelle g\u00e9n\u00e9ration de chargeurs domestiques, et de GEMINI, la station de recharge innovante Plug &lsquo;n Charge pour le monde Ho.Re.Ca.<a href=\"https:\/\/silla.industries\/fr\/echarge-prism-ng-gemini-silla\/\" class=\"more-link\"><span>Poursuivre la lecture<\/span><span class=\"screen-reader-text\">SILLA CON\u00c7OIT L&rsquo;AVENIR DE LA RECHARGE \u00c9LECTRIQUE AVEC DEUX INNOVATIONS<\/span><\/a><\/p>\n","protected":false},"author":23,"featured_media":18034,"comment_status":"closed","ping_status":"closed","sticky":false,"template":"","format":"standard","meta":{"_uag_custom_page_level_css":"","footnotes":""},"categories":[739],"tags":[1247,740],"class_list":["post-19740","post","type-post","status-publish","format-standard","has-post-thumbnail","hentry","category-communique-de-presse","tag-gemini-fr","tag-silla-industries-fr"],"uagb_featured_image_src":{"full":["https:\/\/silla.industries\/wp-content\/uploads\/2024\/04\/IMG_fiera-echarge.png",1200,628,false],"thumbnail":["https:\/\/silla.industries\/wp-content\/uploads\/2024\/04\/IMG_fiera-echarge-150x150.png",150,150,true],"medium":["https:\/\/silla.industries\/wp-content\/uploads\/2024\/04\/IMG_fiera-echarge-300x157.png",300,157,true],"medium_large":["https:\/\/silla.industries\/wp-content\/uploads\/2024\/04\/IMG_fiera-echarge-768x402.png",700,366,true],"large":["https:\/\/silla.industries\/wp-content\/uploads\/2024\/04\/IMG_fiera-echarge-1024x536.png",700,366,true],"1536x1536":["https:\/\/silla.industries\/wp-content\/uploads\/2024\/04\/IMG_fiera-echarge.png",1200,628,false],"2048x2048":["https:\/\/silla.industries\/wp-content\/uploads\/2024\/04\/IMG_fiera-echarge.png",1200,628,false],"betterdocs-category-thumb":["https:\/\/silla.industries\/wp-content\/uploads\/2024\/04\/IMG_fiera-echarge.png",360,188,false],"post-thumbnail":["https:\/\/silla.industries\/wp-content\/uploads\/2024\/04\/IMG_fiera-echarge.png",1200,628,false],"twentytwenty-fullscreen":["https:\/\/silla.industries\/wp-content\/uploads\/2024\/04\/IMG_fiera-echarge.png",1200,628,false],"mailpoet_newsletter_max":["https:\/\/silla.industries\/wp-content\/uploads\/2024\/04\/IMG_fiera-echarge.png",1200,628,false],"menu-26x26":["https:\/\/silla.industries\/wp-content\/uploads\/2024\/04\/IMG_fiera-echarge.png",26,14,false],"menu-36x36":["https:\/\/silla.industries\/wp-content\/uploads\/2024\/04\/IMG_fiera-echarge.png",36,19,false],"menu-48x48":["https:\/\/silla.industries\/wp-content\/uploads\/2024\/04\/IMG_fiera-echarge.png",48,25,false],"woocommerce_thumbnail":["https:\/\/silla.industries\/wp-content\/uploads\/2024\/04\/IMG_fiera-echarge-450x450.png",450,450,true],"woocommerce_single":["https:\/\/silla.industries\/wp-content\/uploads\/2024\/04\/IMG_fiera-echarge-600x314.png",600,314,true],"woocommerce_gallery_thumbnail":["https:\/\/silla.industries\/wp-content\/uploads\/2024\/04\/IMG_fiera-echarge-100x100.png",100,100,true]},"uagb_author_info":{"display_name":"Valentina De Simone","author_link":"https:\/\/silla.industries\/fr\/author\/valentina\/"},"uagb_comment_info":0,"uagb_excerpt":"E-Charge \u00e0 Bologne est la sc\u00e8ne choisie pour la pr\u00e9sentation de Prism Next Generation, la nouvelle g\u00e9n\u00e9ration de chargeurs domestiques, et de GEMINI, la station de recharge innovante Plug 'n Charge pour le monde Ho.Re.Ca.Poursuivre la lectureSILLA CON\u00c7OIT L'AVENIR DE LA RECHARGE \u00c9LECTRIQUE AVEC DEUX INNOVATIONS","_links":{"self":[{"href":"https:\/\/silla.industries\/fr\/wp-json\/wp\/v2\/posts\/19740","targetHints":{"allow":["GET"]}}],"collection":[{"href":"https:\/\/silla.industries\/fr\/wp-json\/wp\/v2\/posts"}],"about":[{"href":"https:\/\/silla.industries\/fr\/wp-json\/wp\/v2\/types\/post"}],"author":[{"embeddable":true,"href":"https:\/\/silla.industries\/fr\/wp-json\/wp\/v2\/users\/23"}],"replies":[{"embeddable":true,"href":"https:\/\/silla.industries\/fr\/wp-json\/wp\/v2\/comments?post=19740"}],"version-history":[{"count":0,"href":"https:\/\/silla.industries\/fr\/wp-json\/wp\/v2\/posts\/19740\/revisions"}],"wp:featuredmedia":[{"embeddable":true,"href":"https:\/\/silla.industries\/fr\/wp-json\/wp\/v2\/media\/18034"}],"wp:attachment":[{"href":"https:\/\/silla.industries\/fr\/wp-json\/wp\/v2\/media?parent=19740"}],"wp:term":[{"taxonomy":"category","embeddable":true,"href":"https:\/\/silla.industries\/fr\/wp-json\/wp\/v2\/categories?post=19740"},{"taxonomy":"post_tag","embeddable":true,"href":"https:\/\/silla.industries\/fr\/wp-json\/wp\/v2\/tags?post=19740"}],"curies":[{"name":"wp","href":"https:\/\/api.w.org\/{rel}","templated":true}]}}