{"id":19765,"date":"2023-03-10T14:31:54","date_gmt":"2023-03-10T13:31:54","guid":{"rendered":"https:\/\/silla.industries\/key-fiera-rimini-22-24-marzo-fierarinnovabili\/"},"modified":"2025-07-01T21:58:20","modified_gmt":"2025-07-01T19:58:20","slug":"key-fiera-rimini-22-24-marzo-fierarinnovabili","status":"publish","type":"post","link":"https:\/\/silla.industries\/fr\/key-fiera-rimini-22-24-marzo-fierarinnovabili\/","title":{"rendered":"Silla Industries est l&rsquo;une des principales voix \u00e0 l&rsquo;exposition K.EY - The Energy Transition Expo"},"content":{"rendered":"\n<div style=\"height:50px\" aria-hidden=\"true\" class=\"wp-block-spacer\"><\/div>\n\n<p class=\"has-text-align-center\"><em>Du 22 au 24 mars 2023, l&rsquo;Expo Center de Rimini <br\/>accueillera KEY, l&rsquo;\u00e9v\u00e9nement de r\u00e9f\u00e9rence pour les \u00e9nergies renouvelables.<\/em><\/p>\n\n<p><em>Padoue, 9 mars 2023<\/em> - Le moment historique pr\u00e9cis que vit le monde de la mobilit\u00e9 \u00e9lectrique rend encore plus embl\u00e9matique la participation de <strong>Silla Industries<\/strong> \u00e0 <a href=\"https:\/\/www.keyenergy.it\/\" data-type=\"URL\" data-id=\"https:\/\/www.keyenergy.it\/\" target=\"_blank\" rel=\"noreferrer noopener\">K.EY - The Energy Transition Expo<\/a>, un \u00e9v\u00e9nement dont le mot transition est au c\u0153ur.<\/p>\n\n<p>\"<em>Pour ceux d&rsquo;entre nous qui croient fermement non seulement en un avenir, mais surtout en un pr\u00e9sent \u00e9lectrique, cet \u00e9v\u00e9nement repr\u00e9sente une occasion extraordinaire de soutenir - avec fermet\u00e9 et en se comparant de plus en plus avec le reste de l&rsquo;Europe - la transition vers l&rsquo;e-mobilit\u00e9<\/em>\", a comment\u00e9 <strong>Alberto Stecca, cofondateur et PDG de Silla Industries, une <\/strong>start-up figurant ces jours-ci dans le classement europ\u00e9en des entreprises \u00e0 la croissance la plus rapide \u00e9tabli par le Financial Times.  <\/p>\n\n<p>\"<em>Le retard de l&rsquo;Italie est inexcusable, tout comme la campagne de d\u00e9nigrement de la presse italienne \u00e0 l&rsquo;\u00e9gard de l&rsquo;\u00e9nergie \u00e9lectrique. Nous voulons continuer \u00e0 transmettre notre passion en pr\u00e9sentant nos comp\u00e9tences de pointe et, en m\u00eame temps, \u00eatre parmi les protagonistes de cette communaut\u00e9 en discutant avec les institutions afin de faciliter cette acc\u00e9l\u00e9ration tant attendue et n\u00e9cessaire vers la durabilit\u00e9. <\/em>.\"<\/p>\n\n<p>Des engagements et des th\u00e8mes qu&rsquo;Alberto Stecca apportera, amplifi\u00e9s, \u00e0 la table ronde organis\u00e9e par l&rsquo;ANIE le 24 mars, avec son propre discours consacr\u00e9 aux<em>\"Incitations et mesures pour soutenir les infrastructures de recharge<\/em>\".<\/p>\n\n<p>Renouvel\u00e9 dans son format, le salon international d\u00e9di\u00e9 aux \u00e9nergies renouvelables suscite l&rsquo;int\u00e9r\u00eat g\u00e9n\u00e9ral de pas moins de 90 pays \u00e9trangers. L&rsquo;\u00e9v\u00e9nement s&rsquo;articulera autour de 6 piliers fondamentaux : Solaire, e-Mobilit\u00e9, Hydrog\u00e8ne, Efficacit\u00e9, Eolien, Ville, flanqu\u00e9s de moments et d&rsquo;espaces d&rsquo;exposition d\u00e9di\u00e9s \u00e0 des th\u00e9matiques plus verticales. <\/p>\n\n<p>C&rsquo;est pr\u00e9cis\u00e9ment dans l&rsquo;espace <strong>EME - e-Mobility Expo<\/strong> que se tiendra le stand de l&rsquo;entreprise de Padoue - <strong>Hall B3, Stand 200<\/strong> - qui proposera des solutions technologiquement avanc\u00e9es avec le design enti\u00e8rement italien qui l&rsquo;a toujours distingu\u00e9e, destin\u00e9es aux entreprises italiennes et internationales op\u00e9rant dans le secteur de la technologie, des solutions int\u00e9gr\u00e9es et, plus g\u00e9n\u00e9ralement, des services favorisant la transition \u00e9nerg\u00e9tique.<\/p>\n\n<figure class=\"wp-block-image size-full\"><img fetchpriority=\"high\" decoding=\"async\" width=\"1024\" height=\"576\" src=\"https:\/\/silla.industries\/wp-content\/uploads\/2023\/03\/IMG_Silla-partecipazione-KEY-1024x576-1.jpg\" alt=\"K.EY &#xE9;quitable\" class=\"wp-image-13488\" srcset=\"https:\/\/silla.industries\/wp-content\/uploads\/2023\/03\/IMG_Silla-partecipazione-KEY-1024x576-1.jpg 1024w, https:\/\/silla.industries\/wp-content\/uploads\/2023\/03\/IMG_Silla-partecipazione-KEY-1024x576-1-300x169.jpg 300w, https:\/\/silla.industries\/wp-content\/uploads\/2023\/03\/IMG_Silla-partecipazione-KEY-1024x576-1-768x432.jpg 768w, https:\/\/silla.industries\/wp-content\/uploads\/2023\/03\/IMG_Silla-partecipazione-KEY-1024x576-1-360x203.jpg 360w, https:\/\/silla.industries\/wp-content\/uploads\/2023\/03\/IMG_Silla-partecipazione-KEY-1024x576-1-600x338.jpg 600w\" sizes=\"(max-width: 1024px) 100vw, 1024px\" \/><figcaption class=\"wp-element-caption\">Silla Industries expose \u00e0 Key, le salon d\u00e9di\u00e9 aux \u00e9nergies renouvelables, du 22 au 24 mars<\/figcaption><\/figure>\n\n<p>En particulier, pour la cat\u00e9gorie de la recharge \u00e0 domicile, Silla Industries sera pr\u00e9sente avec toute la gamme Prism bien connue, enrichie d&rsquo;une nouvelle fonctionnalit\u00e9 importante :<\/p>\n\n<p>Prism Solar <strong>S<\/strong>, la version \u00e0 prise de courant du chargeur Prism Solar \u00e0 succ\u00e8s, \u00e9quip\u00e9e d&rsquo;un obturateur de protection automatique pour \u00e9viter tout contact accidentel avec les parties sous tension de la prise de courant.<\/p>\n\n<p>En outre, il sera possible de d\u00e9couvrir en avant-premi\u00e8re la future solution con\u00e7ue pour les environnements publics et semi-publics, <strong>Totem<\/strong>: une colonne monobloc fortement caract\u00e9ris\u00e9e par son design, avec \u00e9cran et LED, permettant de recharger deux voitures gr\u00e2ce \u00e0 ses deux prises de courant alternatif de 22 kW chacune, disponibles en version filaire et sans fil.<\/p>\n\n<p>Plus important encore, les deux prototypes pr\u00e9sent\u00e9s au salon de l&rsquo;automobile de Paris seront pr\u00e9sent\u00e9s :<\/p>\n\n<ul class=\"wp-block-list\">\n<li><strong>Energy Hub 149<\/strong>, l&rsquo;agr\u00e9gateur hi-tech qui promet de g\u00e9rer efficacement l&rsquo;\u00e9nergie et les communications domestiques en synth\u00e9tisant, en une seule solution, les fonctions de pas moins de <a href=\"https:\/\/silla.industries\/fr\/energy-hub-149\/\" target=\"_blank\" data-type=\"URL\" data-id=\"https:\/\/silla.industries\/energy-hub-149\/\" rel=\"noreferrer noopener\">7 appareils<\/a> (onduleur photovolta\u00efque, onduleur chargeur, stockage, station de charge bidirectionnelle, syst\u00e8me de gestion, onduleur et modem Wi-Fi).  <\/li>\n\n\n\n<li><strong>Duke 44,<\/strong> un chargeur au sol avec deux prises de courant continu de 22 kW, pionnier en Italie, pour rapprocher encore plus le chargement du courant continu du conducteur \u00e9lectrique et le pr\u00e9parer \u00e0 la bidirectionnalit\u00e9.<\/li>\n<\/ul>\n\n<div style=\"height:50px\" aria-hidden=\"true\" class=\"wp-block-spacer\"><\/div>\n\n<p><strong>Silla Industries<\/strong><\/p>\n\n<p><em>Start-up italienne fond\u00e9e par Alberto Stecca et Cristiano Griletti \u00e0 Padoue, Silla Industries, avec une \u00e9quipe de 43 professionnels, op\u00e8re dans le secteur de l&rsquo;e-mobilit\u00e9. Elle d\u00e9veloppe et produit des solutions technologiques innovantes pour le monde de la mobilit\u00e9 \u00e9lectrique et de l&rsquo;am\u00e9lioration de la gestion de l&rsquo;\u00e9nergie, \u00e0 la fois pour le march\u00e9 des consommateurs avec ses propres produits de marque, tels que Prism, et en d\u00e9veloppant des produits sur mesure pour de grands groupes italiens et internationaux.   <\/em><\/p>\n\n<p><em>Pour plus d&rsquo;informations:<\/em><\/p>\n\n<p>Silla Industries: marketing@silla.industries<\/p>\n\n<p>A quiet place: <a href=\"mailto:elena.santoro@aquietplace.it\">elena.santoro@aquietplace.it<\/a> \/ <a href=\"mailto:alessandra.battaglioli@aquietplace.it\">alessandra.battaglioli@aquietplace.it<\/a><\/p>\n","protected":false},"excerpt":{"rendered":"<p>Du 22 au 24 mars 2023, l&rsquo;\u00e9v\u00e9nement de r\u00e9f\u00e9rence pour les \u00e9nergies renouvelables se tiendra \u00e0 l&rsquo;Expo Center de Rimini.<br \/>\n<a href=\"https:\/\/silla.industries\/fr\/key-fiera-rimini-22-24-marzo-fierarinnovabili\/\" class=\"more-link\"><span>Poursuivre la lecture<\/span><span class=\"screen-reader-text\">Silla Industries est l&rsquo;une des principales voix \u00e0 l&rsquo;exposition K.EY - The Energy Transition Expo<\/span><\/a><\/p>\n","protected":false},"author":23,"featured_media":13734,"comment_status":"closed","ping_status":"closed","sticky":false,"template":"","format":"standard","meta":{"_uag_custom_page_level_css":"","footnotes":""},"categories":[739],"tags":[1273,1272,740],"class_list":["post-19765","post","type-post","status-publish","format-standard","has-post-thumbnail","hentry","category-communique-de-presse","tag-alberto-stecca-directeur-general","tag-k-ey-fair","tag-silla-industries-fr"],"uagb_featured_image_src":{"full":["https:\/\/silla.industries\/wp-content\/uploads\/2023\/03\/IMG_silla-partecipa-fiera-KEY-rimini-scaled.jpg",2560,1710,false],"thumbnail":["https:\/\/silla.industries\/wp-content\/uploads\/2023\/03\/IMG_silla-partecipa-fiera-KEY-rimini-150x150.jpg",150,150,true],"medium":["https:\/\/silla.industries\/wp-content\/uploads\/2023\/03\/IMG_silla-partecipa-fiera-KEY-rimini-300x200.jpg",300,200,true],"medium_large":["https:\/\/silla.industries\/wp-content\/uploads\/2023\/03\/IMG_silla-partecipa-fiera-KEY-rimini-768x513.jpg",700,468,true],"large":["https:\/\/silla.industries\/wp-content\/uploads\/2023\/03\/IMG_silla-partecipa-fiera-KEY-rimini-1024x684.jpg",700,468,true],"1536x1536":["https:\/\/silla.industries\/wp-content\/uploads\/2023\/03\/IMG_silla-partecipa-fiera-KEY-rimini-1536x1026.jpg",1536,1026,true],"2048x2048":["https:\/\/silla.industries\/wp-content\/uploads\/2023\/03\/IMG_silla-partecipa-fiera-KEY-rimini-2048x1368.jpg",2048,1368,true],"betterdocs-category-thumb":["https:\/\/silla.industries\/wp-content\/uploads\/2023\/03\/IMG_silla-partecipa-fiera-KEY-rimini-360x240.jpg",360,240,true],"post-thumbnail":["https:\/\/silla.industries\/wp-content\/uploads\/2023\/03\/IMG_silla-partecipa-fiera-KEY-rimini-1200x802.jpg",1200,802,true],"twentytwenty-fullscreen":["https:\/\/silla.industries\/wp-content\/uploads\/2023\/03\/IMG_silla-partecipa-fiera-KEY-rimini-1980x1322.jpg",1980,1322,true],"mailpoet_newsletter_max":["https:\/\/silla.industries\/wp-content\/uploads\/2023\/03\/IMG_silla-partecipa-fiera-KEY-rimini-1320x882.jpg",1320,882,true],"menu-26x26":["https:\/\/silla.industries\/wp-content\/uploads\/2023\/03\/IMG_silla-partecipa-fiera-KEY-rimini-scaled.jpg",26,17,false],"menu-36x36":["https:\/\/silla.industries\/wp-content\/uploads\/2023\/03\/IMG_silla-partecipa-fiera-KEY-rimini-scaled.jpg",36,24,false],"menu-48x48":["https:\/\/silla.industries\/wp-content\/uploads\/2023\/03\/IMG_silla-partecipa-fiera-KEY-rimini-scaled.jpg",48,32,false],"woocommerce_thumbnail":["https:\/\/silla.industries\/wp-content\/uploads\/2023\/03\/IMG_silla-partecipa-fiera-KEY-rimini-450x450.jpg",450,450,true],"woocommerce_single":["https:\/\/silla.industries\/wp-content\/uploads\/2023\/03\/IMG_silla-partecipa-fiera-KEY-rimini-600x401.jpg",600,401,true],"woocommerce_gallery_thumbnail":["https:\/\/silla.industries\/wp-content\/uploads\/2023\/03\/IMG_silla-partecipa-fiera-KEY-rimini-100x100.jpg",100,100,true]},"uagb_author_info":{"display_name":"Valentina De Simone","author_link":"https:\/\/silla.industries\/fr\/author\/valentina\/"},"uagb_comment_info":0,"uagb_excerpt":"Du 22 au 24 mars 2023, l'\u00e9v\u00e9nement de r\u00e9f\u00e9rence pour les \u00e9nergies renouvelables se tiendra \u00e0 l'Expo Center de Rimini. Poursuivre la lectureSilla Industries est l'une des principales voix \u00e0 l'exposition K.EY - The Energy Transition Expo","_links":{"self":[{"href":"https:\/\/silla.industries\/fr\/wp-json\/wp\/v2\/posts\/19765","targetHints":{"allow":["GET"]}}],"collection":[{"href":"https:\/\/silla.industries\/fr\/wp-json\/wp\/v2\/posts"}],"about":[{"href":"https:\/\/silla.industries\/fr\/wp-json\/wp\/v2\/types\/post"}],"author":[{"embeddable":true,"href":"https:\/\/silla.industries\/fr\/wp-json\/wp\/v2\/users\/23"}],"replies":[{"embeddable":true,"href":"https:\/\/silla.industries\/fr\/wp-json\/wp\/v2\/comments?post=19765"}],"version-history":[{"count":0,"href":"https:\/\/silla.industries\/fr\/wp-json\/wp\/v2\/posts\/19765\/revisions"}],"wp:featuredmedia":[{"embeddable":true,"href":"https:\/\/silla.industries\/fr\/wp-json\/wp\/v2\/media\/13734"}],"wp:attachment":[{"href":"https:\/\/silla.industries\/fr\/wp-json\/wp\/v2\/media?parent=19765"}],"wp:term":[{"taxonomy":"category","embeddable":true,"href":"https:\/\/silla.industries\/fr\/wp-json\/wp\/v2\/categories?post=19765"},{"taxonomy":"post_tag","embeddable":true,"href":"https:\/\/silla.industries\/fr\/wp-json\/wp\/v2\/tags?post=19765"}],"curies":[{"name":"wp","href":"https:\/\/api.w.org\/{rel}","templated":true}]}}